{"id":236214,"date":"2025-07-02T11:10:11","date_gmt":"2025-07-02T11:10:11","guid":{"rendered":"https:\/\/www.europesays.com\/de\/236214\/"},"modified":"2025-07-02T11:10:11","modified_gmt":"2025-07-02T11:10:11","slug":"pol-h-nordstadt-jugendliche-greifen-mann-in-bahnunterfuehrung-an-polizei-bittet-um","status":"publish","type":"post","link":"https:\/\/www.europesays.com\/de\/236214\/","title":{"rendered":"POL-H: Nordstadt: Jugendliche greifen Mann in Bahnunterf\u00fchrung an &#8211; Polizei bittet um &#8230;"},"content":{"rendered":"<p class=\"date\">02.07.2025 \u2013 12:57<\/p>\n<p class=\"customer\">\n                        <a class=\"story-customer\" title=\"weiter zum newsroom von Polizeidirektion Hannover\" href=\"https:\/\/www.presseportal.de\/blaulicht\/nr\/66841\" rel=\"nofollow noopener\" target=\"_blank\">Polizeidirektion Hannover<\/a>\n                    <\/p>\n<p><a data-category=\"citylink-story-view\" data-action=\"click\" data-label=\"Citylink in Meldungsansicht\" class=\"story-city event-trigger\" href=\"https:\/\/www.presseportal.de\/regional\/Hannover\" title=\"News aus Hannover \" rel=\"nofollow noopener\" target=\"_blank\">Hannover<\/a> (ots)<\/p>\n<p>Drei Jugendliche haben am Dienstagabend, 01.07.2025, in einer Bahnunterf\u00fchrung in der Arndstra\u00dfe einen Mann bedr\u00e4ngt und k\u00f6rperlich angegriffen. Einsatzkr\u00e4fte stellten einen13-j\u00e4hrigen Tatverd\u00e4chtigen. Die Polizei bittet um Hinweise zu den beiden weiteren Beteiligten sowie zum angegriffenen Mann, der nach der Tat ebenfalls verschwand.<\/p>\n<p>Nach bisherigen Erkenntnissen der Polizei begegneten gegen 19:45 Uhr drei Jugendlichen einem Mann an der Bahnunterf\u00fchrung Arndstra\u00dfe\/Vahrenwalder Stra\u00dfe. Die Jugendlichen rempelten den Mann an, einer der Jugendlichen schlug ihn. Der Mann fl\u00fcchtete sich sch\u00fctzend daraufhin in Richtung Schlo\u00dfwender Stra\u00dfe.<\/p>\n<p>Die drei Jugendlichen rannten in Richtung Werderstra\u00dfe, begaben sich dort in die U-Bahn-Haltestelle und stiegen in eine stadtausw\u00e4rts fahrende Bahn. Polizeikr\u00e4fte stellten einen der Tatverd\u00e4chtigen an der Stadtbahnhaltestelle &#8222;B\u00fcttnerstra\u00dfe&#8220;. Die zwei weiteren Tatverd\u00e4chtigen verlie\u00dfen die Bahn laut Zeugenaussagen bereits an der Haltestelle &#8222;Niedersachsenring&#8220; und konnten nicht mehr angetroffen werden. Auch der angegriffene Mann blieb bislang unbekannt.<\/p>\n<p>Einer der unbekannten Jugendlichen wurde als etwa 1,70 Meter gro\u00df, 12 bis 14 Jahre alt und schlank beschrieben. Bekleidet war er mit einem dunkelblauen T-Shirt, Jeanshose und schwarzen Schuhen. Der andere Unbekannte war etwa 1,75 Meter gro\u00df, ebenfalls 12 bis 14 Jahre alt und von korpulenter Statur. Er trug eine ausgewaschene, weite Jeans und wei\u00dfe Sneaker. Der angegriffene Mann war etwa 1,80 Meter gro\u00df, hager, hatte graue Haare und einen Dreitagebart. Bekleidet war er mit einer grauen Jogginghose und einem grauen T-Shirt. Laut Zeugenangaben zog er eine Art Wagen hinter sich her und k\u00f6nnte wohnungslos sein.<\/p>\n<p>Ob der Mann durch den Angriff verletzt wurde, ist derzeit nicht bekannt.<\/p>\n<p>Zeugen, die Hinweise zu den beiden fl\u00fcchtigen Jugendlichen oder dem angegriffenen Mann geben k\u00f6nnen, werden gebeten, sich beim Polizeikommissariat Hannover-Lahe unter der Telefonnummer 0511 109-3315 zu melden. \/ms, pol<\/p>\n<p class=\"contact-headline\">R\u00fcckfragen bitte an:<\/p>\n<p class=\"contact-text\">Polizeidirektion Hannover<br \/>Marcus Schmieder<br \/>Telefon: 0511 109-1040<br \/>E-Mail: <a href=\"https:\/\/www.presseportal.de\/blaulicht\/pm\/66841\/mailto: pressestelle@pd-h.polizei.niedersachsen.de\" class=\"uri-mailto\" rel=\"nofollow noopener\" target=\"_blank\"> pressestelle@pd-h.polizei.niedersachsen.de<\/a><br \/><a target=\"_blank\" class=\"uri-ext outbound\" rel=\"noopener nofollow\" href=\"https:\/\/www.pd-h.polizei-nds.de\">https:\/\/www.pd-h.polizei-nds.de<\/a><\/p>\n<p class=\"originator\">Original-Content von: Polizeidirektion Hannover, \u00fcbermittelt durch news aktuell<\/p>\n","protected":false},"excerpt":{"rendered":"02.07.2025 \u2013 12:57 Polizeidirektion Hannover Hannover (ots) Drei Jugendliche haben am Dienstagabend, 01.07.2025, in einer Bahnunterf\u00fchrung in der&hellip;\n","protected":false},"author":2,"featured_media":108,"comment_status":"","ping_status":"","sticky":false,"template":"","format":"standard","meta":{"footnotes":""},"categories":[1836],"tags":[3364,29,30,46,177,5404,1411,121,178,180,179,181],"class_list":{"0":"post-236214","1":"post","2":"type-post","3":"status-publish","4":"format-standard","5":"has-post-thumbnail","7":"category-hannover","8":"tag-de","9":"tag-deutschland","10":"tag-germany","11":"tag-hannover","12":"tag-kriminalitt","13":"tag-ni","14":"tag-niedersachsen","15":"tag-polizei","16":"tag-presse","17":"tag-pressemeldung","18":"tag-pressemitteilung","19":"tag-pressemitteilungen"},"share_on_mastodon":{"url":"https:\/\/pubeurope.com\/@de\/114783336889656764","error":""},"_links":{"self":[{"href":"https:\/\/www.europesays.com\/de\/wp-json\/wp\/v2\/posts\/236214","targetHints":{"allow":["GET"]}}],"collection":[{"href":"https:\/\/www.europesays.com\/de\/wp-json\/wp\/v2\/posts"}],"about":[{"href":"https:\/\/www.europesays.com\/de\/wp-json\/wp\/v2\/types\/post"}],"author":[{"embeddable":true,"href":"https:\/\/www.europesays.com\/de\/wp-json\/wp\/v2\/users\/2"}],"replies":[{"embeddable":true,"href":"https:\/\/www.europesays.com\/de\/wp-json\/wp\/v2\/comments?post=236214"}],"version-history":[{"count":0,"href":"https:\/\/www.europesays.com\/de\/wp-json\/wp\/v2\/posts\/236214\/revisions"}],"wp:featuredmedia":[{"embeddable":true,"href":"https:\/\/www.europesays.com\/de\/wp-json\/wp\/v2\/media\/108"}],"wp:attachment":[{"href":"https:\/\/www.europesays.com\/de\/wp-json\/wp\/v2\/media?parent=236214"}],"wp:term":[{"taxonomy":"category","embeddable":true,"href":"https:\/\/www.europesays.com\/de\/wp-json\/wp\/v2\/categories?post=236214"},{"taxonomy":"post_tag","embeddable":true,"href":"https:\/\/www.europesays.com\/de\/wp-json\/wp\/v2\/tags?post=236214"}],"curies":[{"name":"wp","href":"https:\/\/api.w.org\/{rel}","templated":true}]}}