{"id":236395,"date":"2025-07-02T12:47:11","date_gmt":"2025-07-02T12:47:11","guid":{"rendered":"https:\/\/www.europesays.com\/de\/236395\/"},"modified":"2025-07-02T12:47:11","modified_gmt":"2025-07-02T12:47:11","slug":"bis-zu-40-grad-noch-region-ist-hitzehotspot","status":"publish","type":"post","link":"https:\/\/www.europesays.com\/de\/236395\/","title":{"rendered":"Bis zu 40 Grad noch? Region ist Hitzehotspot"},"content":{"rendered":"<p>&#8222;Hitzehotspot&#8220; Rhein-Main-Gebiet <\/p>\n<p>Bis zu 40 Grad heute noch? DWD misst H\u00f6chstwerte<\/p>\n<p>02.07.2025 &#8211; 14:06 UhrLesedauer: 2 Min.<\/p>\n<p><a href=\"#focus-0\" class=\"transition-colors duration-200 focus-within:text-magenta block text-current relative\" data-sctrack=\"FocusGalleryImage.Reference\"><img fetchpriority=\"high\" data-testid=\"Opener.Image\" style=\"--lqipURL:url('https:\/\/images.t-online.de\/2025\/07\/Ur9mKfJS-e2E\/0x385:4000x2250\/fit-in\/150x0\/filters:blur(25)\/sonnenuntergang-am-grossen-feldberg-im-taunus-symbolfoto-in-hessen-sind-die-temperaturen-am-bislang-heissesten-tag-des-jahres-besonders-hoch.jpg')\"   loading=\"eager\" src=\"https:\/\/www.europesays.com\/de\/wp-content\/uploads\/2025\/07\/sonnenuntergang-am-grossen-feldberg-im-taunus-symbolfoto-in-hessen-sind-die-temperaturen-am-bislang-.jpeg\" alt=\"Sonnenuntergang am Gro\u00dfen Feldberg im Taunus (Symbolfoto): In Hessen sind die Temperaturen am bislang hei\u00dfesten Tag des Jahres besonders hoch.\" title=\"Sonnenuntergang am Gro\u00dfen Feldberg im Taunus (Symbolfoto): In Hessen sind die Temperaturen am bislang hei\u00dfesten Tag des Jahres besonders hoch.\" width=\"4000\" height=\"2250\" class=\"bg-[url:var(--lqipURL)] bg-cover bg-center flex h-full w-full max-w-full\" decoding=\"async\"\/><img style=\"--width:32;--height:32\" loading=\"lazy\" src=\"https:\/\/frankfurt.t-online.de\/s\/paper\/_next\/static\/media\/zoom-in.f7dae02f.svg\" alt=\"Vergr\u00f6\u00dfern des Bildes\" title=\"Vergr\u00f6\u00dfern des Bildes\" class=\"block h-[calc(var(--height)_\/_16_*_1rem)] w-[calc(var(--width)_\/_16_*_1rem)] max-w-none absolute bottom-8 right-8 rounded-4 bg-snow p-8\" decoding=\"async\"\/><\/a><\/p>\n<p>Sonnenuntergang am Gro\u00dfen Feldberg im Taunus (Symbolfoto): In Hessen sind die Temperaturen am bislang hei\u00dfesten Tag des Jahres besonders hoch. (Quelle: IMAGO\/Florian Gaul\/imago)<\/p>\n<p class=\"font-bold text-18 leading-17\">Frankfurt schwitzt bei \u00fcber 35 Grad am Mittag \u2013 doch es k\u00f6nnte im Lauf des Tages noch hei\u00dfer werden. Kommen am Abend dann kr\u00e4ftige Gewitter f\u00fcr eine Abk\u00fchlung?<\/p>\n<p class=\"text-18 leading-17\">Das Thermometer klettert am <a class=\"transition-colors duration-200 cursor-pointer text-inherit no-underline text-salemsfur md:hover:text-magenta md:hover:border-magenta md:focus:text-magenta border-current border-b border-solid break-words\" href=\"https:\/\/www.t-online.de\/nachrichten\/panorama\/wetter\/id_100800586\/wetter-aktuell-in-deutschland-fuenf-staedte-schon-morgens-mit-rekordhitze.html\" data-sctrack=\"BodyAnchor\" rel=\"nofollow noopener\" target=\"_blank\">bisher hei\u00dfesten Tag des Jahres<\/a> weiter nach oben: In Frankfurt am Main und Darmstadt wurden zur Mittagszeit die landesweit h\u00f6chsten Temperaturen in Hessen gemessen. Der Deutsche Wetterdienst (DWD) registrierte in Darmstadt 35,7 Grad, in Frankfurt 35,1 Grad.<\/p>\n<p class=\"text-18 leading-17\">Auch andere Regionen des Bundeslandes schwitzen unter der anhaltenden Hitzewelle: In Michelstadt im Odenwaldkreis und in Fulda-Horas erreichten die Temperaturen ebenfalls die 35-Grad-Marke. Doch das k\u00f6nnte erst der Anfang sein: DWD-Meteorologe Adrian Leyser Sturm schlie\u00dft nicht aus, dass am Mittwoch sogar die 40-Grad-Grenze geknackt wird. Besonders das Rhein-Main-Gebiet stehe im Fokus der extremen Temperaturen \u2013 dort liege &#8222;der Hitzehotspot&#8220;.<\/p>\n<p class=\"text-18 leading-17\">Die Stadt gab wegen der anhaltenden Hitzewelle eine \u00dcbersicht alle Trinkwasserbrunnen in der City heraus:<\/p>\n<p class=\"text-18 leading-17\">Doch die Gluthitze in Hessen ist nur die eine Seite der Medaille. Am sp\u00e4ten Nachmittag und Abend droht ein <a class=\"transition-colors duration-200 cursor-pointer text-inherit no-underline text-salemsfur md:hover:text-magenta md:hover:border-magenta md:focus:text-magenta border-current border-b border-solid break-words\" href=\"https:\/\/www.t-online.de\/nachrichten\/panorama\/wetter\/id_100800812\/unwetter-in-deutschland-dwd-warnt-nach-extrem-hitze-vor-heftigen-gewittern.html\" data-sctrack=\"BodyAnchor\" rel=\"nofollow noopener\" target=\"_blank\">dramatischer Wetterumschwung<\/a>: \u00dcber dem Bergland k\u00f6nnen sich heftige Hitzegewitter entladen, warnen die Experten. Starkregen, Sturmb\u00f6en und sogar Hagel sind m\u00f6glich \u2013 vereinzelt k\u00f6nnten die Unwetter besonders schwer ausfallen.<\/p>\n<p class=\"text-18 leading-17\">Erst die Nacht bringt Erl\u00f6sung von der extremen Hitze. Die Temperaturen sinken dann auf ertr\u00e4gliche 17 bis 22 Grad ab. Begleitet wird die Abk\u00fchlung von Schauern und teils kr\u00e4ftigen Gewittern, die \u00fcber das Land ziehen. Den Gro\u00dfteil Hessens wird das Unwetter jedoch voraussichtlich verschonen \u2013 meist soll es niederschlagsfrei bleiben.<\/p>\n<p class=\"text-18 leading-17\">Am <a class=\"transition-colors duration-200 cursor-pointer text-inherit no-underline text-salemsfur md:hover:text-magenta md:hover:border-magenta md:focus:text-magenta border-current border-b border-solid break-words\" href=\"https:\/\/frankfurt.t-online.de\/region\/frankfurt-am-main\/id_100800524\/hessen-hitzewelle-mit-bis-zu-40-grad-erwartet-abkuehlung-kommt.html\" data-sctrack=\"BodyAnchor\" rel=\"nofollow noopener\" target=\"_blank\">Donnerstag \u00e4ndert sich das Wetter deutlich<\/a>. Aus Nordwesten zieht schauerartiger Regen auf, vereinzelt kommt es noch zu Gewittern mit Starkregen. Die Temperaturen gehen sp\u00fcrbar zur\u00fcck: W\u00e4hrend im Norden nur noch H\u00f6chstwerte um 25 Grad erreicht werden, bleibt es im S\u00fcden mit bis zu 30 Grad etwas w\u00e4rmer. Der Wind nimmt zu und kann in <a class=\"transition-colors duration-200 cursor-pointer text-inherit no-underline text-salemsfur md:hover:text-magenta md:hover:border-magenta md:focus:text-magenta border-current border-b border-solid break-words\" href=\"https:\/\/frankfurt.t-online.de\/region\/frankfurt-am-main\/id_100799066\/frankfurt-wetter-aktuell-hitzewelle-mit-bis-zu-40-grad-und-unwettergefahr.html\" data-sctrack=\"BodyAnchor\" rel=\"nofollow noopener\" target=\"_blank\">Verbindung mit Gewittern<\/a> st\u00fcrmisch auffrischen.<\/p>\n<p class=\"text-18 leading-17\">Zum Wochenende wird es dann deutlich angenehmer: Der Freitag bringt heiteres bis sonniges Wetter und bleibt niederschlagsfrei. Die Tagesh\u00f6chsttemperaturen liegen zwischen 24 und 28 Grad. Nachts k\u00fchlt es deutlich ab \u2013 im Bergland sind \u00f6rtlich sogar nur 9 Grad m\u00f6glich.<\/p>\n","protected":false},"excerpt":{"rendered":"&#8222;Hitzehotspot&#8220; Rhein-Main-Gebiet Bis zu 40 Grad heute noch? DWD misst H\u00f6chstwerte 02.07.2025 &#8211; 14:06 UhrLesedauer: 2 Min. Sonnenuntergang&hellip;\n","protected":false},"author":2,"featured_media":236396,"comment_status":"","ping_status":"","sticky":false,"template":"","format":"standard","meta":{"footnotes":"","_share_on_mastodon":"0"},"categories":[1829],"tags":[3176,65604,31862,16785,29,4906,2196,2050,2051,30,2052,74090,18113,38449,74091,74092,16803,13023,4028,1973,5415,2255],"class_list":["post-236395","post","type-post","status-publish","format-standard","has-post-thumbnail","category-frankfurt-am-main","tag-3176","tag-adrian-leyser","tag-bergland","tag-darmstadt","tag-deutschland","tag-dwd","tag-feldberg","tag-frankfurt","tag-frankfurt-am-main","tag-germany","tag-hessen","tag-hitzehotspot","tag-hitzewelle","tag-hoechstwert","tag-michelstadt","tag-odenwaldkreis","tag-rhein-main-gebiet","tag-taunus","tag-unwetter","tag-wetter","tag-wetterprognose","tag-wettervorhersage"],"share_on_mastodon":{"url":"https:\/\/pubeurope.com\/@de\/114783718289619797","error":""},"_links":{"self":[{"href":"https:\/\/www.europesays.com\/de\/wp-json\/wp\/v2\/posts\/236395","targetHints":{"allow":["GET"]}}],"collection":[{"href":"https:\/\/www.europesays.com\/de\/wp-json\/wp\/v2\/posts"}],"about":[{"href":"https:\/\/www.europesays.com\/de\/wp-json\/wp\/v2\/types\/post"}],"author":[{"embeddable":true,"href":"https:\/\/www.europesays.com\/de\/wp-json\/wp\/v2\/users\/2"}],"replies":[{"embeddable":true,"href":"https:\/\/www.europesays.com\/de\/wp-json\/wp\/v2\/comments?post=236395"}],"version-history":[{"count":0,"href":"https:\/\/www.europesays.com\/de\/wp-json\/wp\/v2\/posts\/236395\/revisions"}],"wp:featuredmedia":[{"embeddable":true,"href":"https:\/\/www.europesays.com\/de\/wp-json\/wp\/v2\/media\/236396"}],"wp:attachment":[{"href":"https:\/\/www.europesays.com\/de\/wp-json\/wp\/v2\/media?parent=236395"}],"wp:term":[{"taxonomy":"category","embeddable":true,"href":"https:\/\/www.europesays.com\/de\/wp-json\/wp\/v2\/categories?post=236395"},{"taxonomy":"post_tag","embeddable":true,"href":"https:\/\/www.europesays.com\/de\/wp-json\/wp\/v2\/tags?post=236395"}],"curies":[{"name":"wp","href":"https:\/\/api.w.org\/{rel}","templated":true}]}}