{"id":236421,"date":"2025-07-02T13:00:16","date_gmt":"2025-07-02T13:00:16","guid":{"rendered":"https:\/\/www.europesays.com\/de\/236421\/"},"modified":"2025-07-02T13:00:16","modified_gmt":"2025-07-02T13:00:16","slug":"koenigin-camilla-hier-tritt-prinzessin-anne-aus-ihrem-schatten","status":"publish","type":"post","link":"https:\/\/www.europesays.com\/de\/236421\/","title":{"rendered":"K\u00f6nigin Camilla: Hier tritt Prinzessin Anne aus ihrem Schatten"},"content":{"rendered":"<p>K\u00f6nigin Camilla<br \/>\nGemeinsam mit Prinzessin Anne begeistert sie im Partnerlook<\/p>\n<p><img class=\"image image-element__image\"   src=\"https:\/\/www.europesays.com\/de\/wp-content\/uploads\/2025\/07\/koenigin-camilla-aufmacher.jpg\" alt=\"K\u00f6nigin Camilla geht vor, Prinzessin Anne zieht nach.\u00a0\" decoding=\"async\" fetchpriority=\"high\" loading=\"eager\"\/><br \/>\n<a href=\"https:\/\/image.gala.de\/24410238\/t\/uX\/v5\/w2048\/r1.5\/-\/koenigin-camilla-aufmacher.jpg#WPA%20Pool%20%2F%20Getty%20Images\" class=\"image__magnifier\" aria-label=\"Vergr\u00f6\u00dfern\" rel=\"nofollow noopener\" target=\"_blank\"><\/p>\n<p> <a href=\"https:\/\/www.gala.de\/stars\/starportraets\/koenigin-camilla-22992450.html\" data-article-type=\"star-portrait\" rel=\"nofollow noopener\" target=\"_blank\">K\u00f6nigin Camilla<\/a> geht vor, Prinzessin Anne zieht nach. <\/p>\n<p>\u00a9 WPA Pool \/ Getty Images<\/p>\n<p>\nIm Rahmen einer Gartenparty in Schottland zeigen sich K\u00f6nigin Camilla und Prinzessin Anne fast im modischen Einklang! Dabei beweist ein anderes Foto, das auf den ersten Blick nicht alles so ist, wie es scheint. <\/p>\n<p class=\"text-element u-richtext u-typo u-typo--article-text article__text-element text-element--context-article\"> Stilsicher koordiniert pr\u00e4sentieren sich <a class=\"link--person\" data-target-type=\"article\" href=\"https:\/\/www.gala.de\/stars\/starportraets\/prinzessin-anne-21762426.html\" rel=\"nofollow noopener\" target=\"_blank\">Prinzessin Anne<\/a>, 74, und <a class=\"link--person\" data-target-type=\"article\" href=\"https:\/\/www.gala.de\/stars\/starportraets\/koenigin-camilla-22992450.html\" rel=\"nofollow noopener\" target=\"_blank\">K\u00f6nigin Camilla<\/a>, 77, bei der traditionellen Gartenparty im Palace of Holyroodhouse. W\u00e4hrend der Royal Week in Schottland empfangen die Royals \u00fcber 8.000 G\u00e4ste in der offiziellen schottischen Residenz des K\u00f6nigs in Edinburgh. Nat\u00fcrlich putzen sich die royalen Damen f\u00fcr diesen Anlass m\u00e4chtig heraus. Prinzessin Anne wird dabei zu K\u00f6nigin Camillas Schatten \u2014 tritt mit einem Aspekt jedoch aus dem Licht des Partnerlooks.<\/p>\n<p><a href=\"https:\/\/www.gala.de\/beauty-fashion\/fashion\/der-style-wandel-von-koenigin-camilla-23886130.html\" class=\"teaser__link teaser-multi-picture__link teaser__link--overlay\" rel=\"nofollow noopener\" target=\"_blank\">  <\/p>\n<p>Happy birthday, Your Majesty!<br \/>\nDer Style-Wandel von K\u00f6nigin Camilla <\/p>\n<p>30<br \/>\nBilder  <\/p>\n<p><\/a><\/p>\n<p>K\u00f6nigin Camilla: Erscheint sie hier im Partnerlook mit Anne?<\/p>\n<p class=\"text-element u-richtext u-typo u-typo--article-text article__text-element text-element--context-article\"> K\u00f6nigin Camilla geht die Treppen voran und zeigt sich in einem komplett blauen Outfit des Labels <a class=\"\" data-target-type=\"article\" href=\"https:\/\/www.gala.de\/royals\/allgemein\/themen\/fiona-clare-22852320.html\" rel=\"nofollow noopener\" target=\"_blank\">Fiona Clare<\/a>. Bei der Kopfbedeckung greift sie zu <a class=\"\" data-target-type=\"article\" href=\"https:\/\/www.gala.de\/beauty-fashion\/themen\/philip-treacy-20952762.html\" rel=\"nofollow noopener\" target=\"_blank\">Philip Treacy<\/a>, w\u00e4hrend eine vierstufige Perlenkette und die Diamond-Thistle-Brooch f\u00fcr einen glamour\u00f6sen Aspekt sorgen. Letztere geh\u00f6rte \u00fcbrigens einst <a class=\"link--person\" data-target-type=\"article\" href=\"https:\/\/www.gala.de\/stars\/starportraets\/koenigin-mary-20521262.html\" rel=\"nofollow noopener\" target=\"_blank\">K\u00f6nigin Mary<\/a> (1867-1953), welche sie sp\u00e4ter an ihre Enkelin Queen Elizabeth II. (1926-2022) vererbte. Das leuchtende Blau steht der Frau von K\u00f6nig Charles III., 76, jedenfalls grandios und auch Prinzessin Anne muss sich \u00c4hnliches gedacht haben. Blickt man n\u00e4mlich direkt hinter <a class=\"link--person\" data-target-type=\"article\" href=\"https:\/\/www.gala.de\/stars\/starportraets\/koenigin-camilla-22992450.html\" rel=\"nofollow noopener\" target=\"_blank\">Camilla<\/a>, ist klar zu erkennen, dass die Royal sich auch in die Signalfarbe des Meeres verliebt hat. Man k\u00f6nnte fast meinen: Hier tragen beide Frauen das Gleiche!\u00a0<\/p>\n<p><img class=\"image image-element__image\"   src=\"https:\/\/www.europesays.com\/de\/wp-content\/uploads\/2025\/07\/prinzessin-anne-in-blau.jpg\" alt=\"K\u00f6nigin Camilla kopieren? Aber nicht doch! Prinzessin Anne zeigt sich in ganz eigener, blauer Eleganz.\u00a0\" decoding=\"async\" fetchpriority=\"auto\" loading=\"lazy\"\/><br \/>\n<a href=\"https:\/\/image.gala.de\/24410248\/t\/2s\/v3\/w2048\/r0\/-\/prinzessin-anne-in-blau.jpg#WPA%20Pool%20%2F%20Getty%20Images\" class=\"image__magnifier\" aria-label=\"Vergr\u00f6\u00dfern\" rel=\"nofollow noopener\" target=\"_blank\"><\/p>\n<p> <a href=\"https:\/\/www.gala.de\/stars\/starportraets\/koenigin-camilla-22992450.html\" data-article-type=\"star-portrait\" rel=\"nofollow noopener\" target=\"_blank\">K\u00f6nigin Camilla<\/a> kopieren? Aber nicht doch! Prinzessin Anne zeigt sich in ganz eigener, blauer Eleganz. <\/p>\n<p>\u00a9 WPA Pool \/ Getty Images<\/p>\n<p class=\"text-element u-richtext u-typo u-typo--article-text article__text-element text-element--context-article\"> Ein anderes Bild offenbart jedoch, dass die Gemeinsamkeit nur in der Farbe liegt. Prinzessin Anne inszeniert eine Boucl\u00e8-Jacke, welche mit goldenen Kn\u00f6pfen versehen ist. Dazu l\u00e4sst sie florale Elemente sprechen und w\u00e4hlt ein blau-wei\u00dfes Kleid. Mit Accessoires wie Hut, Handschuhen und <a class=\"taxonomy-entity keyword\" data-target-type=\"article\" href=\"https:\/\/www.gala.de\/beauty-fashion\/themen\/perlenkette-20972382.html\" rel=\"nofollow noopener\" target=\"_blank\">Perlenkette<\/a> erh\u00e4lt der Look das letzte i-T\u00fcpfelchen. Bei ihren Pumps h\u00e4lt sich die Schwester von Charles jedoch nicht ans Blau, sondern veredelt ihr Auftreten mit zeitlosem Schwarz.\u00a0<\/p>\n<p>Historischer Moment f\u00fcr schottische Leibwache<\/p>\n<p class=\"text-element u-richtext u-typo u-typo--article-text article__text-element text-element--context-article\"> Ein besonderer H\u00f6hepunkt der Veranstaltung war die Anwesenheit der ersten weiblichen Mitglieder der Royal Company of Archers, der zeremoniellen Leibwache des K\u00f6nigs in Schottland. Lady Katherine Douglas, 35, geh\u00f6rte zu den ersten Frauen, die in diese traditionsreiche Einheit aufgenommen wurden.<\/p>\n<p class=\"text-element u-richtext u-typo u-typo--article-text article__text-element text-element--context-article\"> \u00dcber ihr Gespr\u00e4ch mit <a class=\"link--person\" data-target-type=\"article\" href=\"https:\/\/www.gala.de\/stars\/starportraets\/koenig-charles-20477256.html\" rel=\"nofollow noopener\" target=\"_blank\">K\u00f6nig Charles<\/a>, 76, erz\u00e4hlte Lady Katherine sp\u00e4ter laut dem &#8222;Hello!&#8220;-Magazin: &#8222;Der <a class=\"link--person\" data-target-type=\"article\" href=\"https:\/\/www.gala.de\/stars\/starportraets\/koenig-charles-20477256.html\" rel=\"nofollow noopener\" target=\"_blank\">K\u00f6nig<\/a> fragte mich, ob ich schon einmal Bogenschie\u00dfen gemacht h\u00e4tte, und ich verneinte. Er sagte, es sei h\u00f6chste Zeit, dass Frauen zugelassen werden, und er sei sehr gl\u00fccklich dar\u00fcber.&#8220;<\/p>\n<p>Tradition seit K\u00f6nig George V.<\/p>\n<p class=\"text-element u-richtext u-typo u-typo--article-text article__text-element text-element--context-article\"> Die Gartenparty ehrt Menschen, die positive Beitr\u00e4ge zu schottischen Gemeinden geleistet haben. Diese Tradition geht auf die Regierungszeit von K\u00f6nig George V. (1865-1936) und K\u00f6nigin Mary zur\u00fcck und bildet einen wichtigen Teil der Royal Week in <a class=\"taxonomy-entity place\" data-target-type=\"article\" href=\"https:\/\/www.gala.de\/stars\/themen\/schottland-20966064.html\" rel=\"nofollow noopener\" target=\"_blank\">Schottland<\/a>. Prinzessin Anne wird die n\u00e4chsten zwei Tage in Schottland bleiben und Termine in Argyll und Bute sowie in Ayrshire und Arran wahrnehmen.<\/p>\n<p class=\"text-element u-richtext u-typo u-typo--article-text article__text-element text-element--context-article\"> Der K\u00f6nig und die K\u00f6nigin befinden sich im Rahmen der Royal Week in Schottland, wobei der Monarch bereits an der traditionellen Schl\u00fcsselzeremonie teilgenommen hat und die Schl\u00fcssel zur Stadt <a class=\"taxonomy-entity place\" data-target-type=\"article\" href=\"https:\/\/www.gala.de\/stars\/themen\/edinburgh-20958092.html\" rel=\"nofollow noopener\" target=\"_blank\">Edinburgh<\/a> erhielt.<\/p>\n<p class=\"text-element u-richtext u-typo u-typo--article-text article__text-element text-element--context-article\"> Verwendete Quellen: hellomagazine.com<\/p>\n<p>\nSpotOnNews\n<\/p>\n<p>#Themen<\/p>\n","protected":false},"excerpt":{"rendered":"K\u00f6nigin Camilla Gemeinsam mit Prinzessin Anne begeistert sie im Partnerlook K\u00f6nigin Camilla geht vor, Prinzessin Anne zieht nach.&hellip;\n","protected":false},"author":2,"featured_media":236422,"comment_status":"","ping_status":"","sticky":false,"template":"","format":"standard","meta":{"footnotes":""},"categories":[1776],"tags":[1801,29,214,30,1802,215],"class_list":{"0":"post-236421","1":"post","2":"type-post","3":"status-publish","4":"format-standard","5":"has-post-thumbnail","7":"category-prominente","8":"tag-celebrities","9":"tag-deutschland","10":"tag-entertainment","11":"tag-germany","12":"tag-prominente","13":"tag-unterhaltung"},"share_on_mastodon":{"url":"https:\/\/pubeurope.com\/@de\/114783769984631609","error":""},"_links":{"self":[{"href":"https:\/\/www.europesays.com\/de\/wp-json\/wp\/v2\/posts\/236421","targetHints":{"allow":["GET"]}}],"collection":[{"href":"https:\/\/www.europesays.com\/de\/wp-json\/wp\/v2\/posts"}],"about":[{"href":"https:\/\/www.europesays.com\/de\/wp-json\/wp\/v2\/types\/post"}],"author":[{"embeddable":true,"href":"https:\/\/www.europesays.com\/de\/wp-json\/wp\/v2\/users\/2"}],"replies":[{"embeddable":true,"href":"https:\/\/www.europesays.com\/de\/wp-json\/wp\/v2\/comments?post=236421"}],"version-history":[{"count":0,"href":"https:\/\/www.europesays.com\/de\/wp-json\/wp\/v2\/posts\/236421\/revisions"}],"wp:featuredmedia":[{"embeddable":true,"href":"https:\/\/www.europesays.com\/de\/wp-json\/wp\/v2\/media\/236422"}],"wp:attachment":[{"href":"https:\/\/www.europesays.com\/de\/wp-json\/wp\/v2\/media?parent=236421"}],"wp:term":[{"taxonomy":"category","embeddable":true,"href":"https:\/\/www.europesays.com\/de\/wp-json\/wp\/v2\/categories?post=236421"},{"taxonomy":"post_tag","embeddable":true,"href":"https:\/\/www.europesays.com\/de\/wp-json\/wp\/v2\/tags?post=236421"}],"curies":[{"name":"wp","href":"https:\/\/api.w.org\/{rel}","templated":true}]}}