{"id":236611,"date":"2025-07-02T14:40:10","date_gmt":"2025-07-02T14:40:10","guid":{"rendered":"https:\/\/www.europesays.com\/de\/236611\/"},"modified":"2025-07-02T14:40:10","modified_gmt":"2025-07-02T14:40:10","slug":"unwetterwarnung-fuer-gelsenkirchen-hagel-und-sturm-angesagt","status":"publish","type":"post","link":"https:\/\/www.europesays.com\/de\/236611\/","title":{"rendered":"Unwetterwarnung f\u00fcr Gelsenkirchen \u2013 Hagel und Sturm angesagt"},"content":{"rendered":"<p class=\"font-sans font-medium\">Gelsenkirchen. Nach der extremen Hitze kommt auch in Gelsenkirchen das Unwetter. Der Deutsche Wetterdienst warnt vor schwerem Gewitter und Sturmb\u00f6en.<\/p>\n<p>Gelsenkirchen muss sich nach der Hitzewelle auf <strong>kr\u00e4ftige<\/strong> <strong>Unwetter<\/strong> einstellen. Nach der amtlichen Warnung vor extremer Hitze hat der Deutsche Wetterdienst (DWD) hat am Mittwochmittag eine Unwetterwarnung herausgegeben. Demnach kann es am Nachmittag und Abend zu heftigem Starkregen, st\u00fcrmischen B\u00f6en und Hagel kommen.<\/p>\n<p>  Gelsenkirchen: Gewitter und schwere Unwetter angesagt  <\/p>\n<p>\u00dcber die Warnapp NINA warnt der DWD vor \u201eschwerem Gewitter\u201c. Es hei\u00dft: \u201eVon S\u00fcdwesten ziehen einzelne Gewitter auf. Dabei gibt es schwere Sturmb\u00f6en mit Geschwindigkeiten bis 100 km\/h (28 m\/s, 55 kn, Bft 10) sowie Starkregen mit Niederschlagsmengen zwischen 15 l\/m\u00b2 und 25 l\/m\u00b2 in kurzer Zeit und Hagel.\u201c Die Warnung gilt zun\u00e4chst bis 17 Uhr. Die amtliche\u00a0<strong>Warnung vor Sturmb\u00f6en<\/strong> gilt von 17 bis 20 Uhr.<\/p>\n<p>Weiter hei\u00dft es vom DWD: Aufgrund der vollen Belaubung bieten B\u00e4ume eine gro\u00dfe Angriffsfl\u00e4che f\u00fcr den Wind. Demnach muss bei kr\u00e4ftigen Gewittern verst\u00e4rkt mit umst\u00fcrzenden B\u00e4umen gerechnet werden. Zudem besteht die Gefahr von herabfallenden \u00c4sten, Dachziegeln und anderen gr\u00f6\u00dferen Gegenst\u00e4nden. Entsprechend sollte der Aufenthalt im Freien bei nahenden Gewittern vermieden und mit erheblichen Beeintr\u00e4chtigungen auf den Verkehrswegen gerechnet werden.<\/p>\n","protected":false},"excerpt":{"rendered":"Gelsenkirchen. Nach der extremen Hitze kommt auch in Gelsenkirchen das Unwetter. Der Deutsche Wetterdienst warnt vor schwerem Gewitter&hellip;\n","protected":false},"author":2,"featured_media":236612,"comment_status":"","ping_status":"","sticky":false,"template":"","format":"standard","meta":{"footnotes":""},"categories":[1848],"tags":[3364,29,548,663,3934,3658,30,13,14,15,1209,12],"class_list":{"0":"post-236611","1":"post","2":"type-post","3":"status-publish","4":"format-standard","5":"has-post-thumbnail","7":"category-gelsenkirchen","8":"tag-de","9":"tag-deutschland","10":"tag-eu","11":"tag-europa","12":"tag-europe","13":"tag-gelsenkirchen","14":"tag-germany","15":"tag-headlines","16":"tag-nachrichten","17":"tag-news","18":"tag-nordrhein-westfalen","19":"tag-schlagzeilen"},"share_on_mastodon":{"url":"https:\/\/pubeurope.com\/@de\/114784162502157428","error":""},"_links":{"self":[{"href":"https:\/\/www.europesays.com\/de\/wp-json\/wp\/v2\/posts\/236611","targetHints":{"allow":["GET"]}}],"collection":[{"href":"https:\/\/www.europesays.com\/de\/wp-json\/wp\/v2\/posts"}],"about":[{"href":"https:\/\/www.europesays.com\/de\/wp-json\/wp\/v2\/types\/post"}],"author":[{"embeddable":true,"href":"https:\/\/www.europesays.com\/de\/wp-json\/wp\/v2\/users\/2"}],"replies":[{"embeddable":true,"href":"https:\/\/www.europesays.com\/de\/wp-json\/wp\/v2\/comments?post=236611"}],"version-history":[{"count":0,"href":"https:\/\/www.europesays.com\/de\/wp-json\/wp\/v2\/posts\/236611\/revisions"}],"wp:featuredmedia":[{"embeddable":true,"href":"https:\/\/www.europesays.com\/de\/wp-json\/wp\/v2\/media\/236612"}],"wp:attachment":[{"href":"https:\/\/www.europesays.com\/de\/wp-json\/wp\/v2\/media?parent=236611"}],"wp:term":[{"taxonomy":"category","embeddable":true,"href":"https:\/\/www.europesays.com\/de\/wp-json\/wp\/v2\/categories?post=236611"},{"taxonomy":"post_tag","embeddable":true,"href":"https:\/\/www.europesays.com\/de\/wp-json\/wp\/v2\/tags?post=236611"}],"curies":[{"name":"wp","href":"https:\/\/api.w.org\/{rel}","templated":true}]}}