{"id":236690,"date":"2025-07-02T15:22:09","date_gmt":"2025-07-02T15:22:09","guid":{"rendered":"https:\/\/www.europesays.com\/de\/236690\/"},"modified":"2025-07-02T15:22:09","modified_gmt":"2025-07-02T15:22:09","slug":"neubau-der-feuerwache-liegt-im-zeitplan","status":"publish","type":"post","link":"https:\/\/www.europesays.com\/de\/236690\/","title":{"rendered":"Neubau der Feuerwache liegt im Zeitplan"},"content":{"rendered":"<p class=\"text_ohne_einzug richtext text-em-55 !leading-serif mx-6 desktop:mx-0\"> In gro\u00dfen Schritten w\u00e4chst der kombinierte Neubau f\u00fcr die Feuer- und Rettungswache 7 und den zentralen Betriebshof des Gartenamtes f\u00fcr den D\u00fcsseldorfer S\u00fcden. Sechs Monate nach deren Grundsteinlegung war nun schon am Mittwochmorgen das Richtfest. 64,7 Millionen Euro steckt die Stadt D\u00fcsseldorf in das Projekt an der Werstener Friedhofstra\u00dfe, das durch die Stadttochter Immobilien Projekt Management (IPM) umgesetzt wird. Stand jetzt sollen die Geb\u00e4ude im dritten Quartal 2026 bereits in ihren jeweiligen Betrieb genommen werden. IPM-Gesch\u00e4ftsf\u00fchrer Heinrich Labbert zeigte sich bei der kleinen Feierstunde zuversichtlich, dass dieser Zeitplan gehalten werden kann.<\/p>\n","protected":false},"excerpt":{"rendered":"In gro\u00dfen Schritten w\u00e4chst der kombinierte Neubau f\u00fcr die Feuer- und Rettungswache 7 und den zentralen Betriebshof des&hellip;\n","protected":false},"author":2,"featured_media":236691,"comment_status":"","ping_status":"","sticky":false,"template":"","format":"standard","meta":{"footnotes":""},"categories":[1831],"tags":[12181,3364,29,3405,30,1209,12179,17549],"class_list":{"0":"post-236690","1":"post","2":"type-post","3":"status-publish","4":"format-standard","5":"has-post-thumbnail","7":"category-duesseldorf","8":"tag-andrea","9":"tag-de","10":"tag-deutschland","11":"tag-duesseldorf","12":"tag-germany","13":"tag-nordrhein-westfalen","14":"tag-roehrig","15":"tag-wersten"},"share_on_mastodon":{"url":"https:\/\/pubeurope.com\/@de\/114784327778303521","error":""},"_links":{"self":[{"href":"https:\/\/www.europesays.com\/de\/wp-json\/wp\/v2\/posts\/236690","targetHints":{"allow":["GET"]}}],"collection":[{"href":"https:\/\/www.europesays.com\/de\/wp-json\/wp\/v2\/posts"}],"about":[{"href":"https:\/\/www.europesays.com\/de\/wp-json\/wp\/v2\/types\/post"}],"author":[{"embeddable":true,"href":"https:\/\/www.europesays.com\/de\/wp-json\/wp\/v2\/users\/2"}],"replies":[{"embeddable":true,"href":"https:\/\/www.europesays.com\/de\/wp-json\/wp\/v2\/comments?post=236690"}],"version-history":[{"count":0,"href":"https:\/\/www.europesays.com\/de\/wp-json\/wp\/v2\/posts\/236690\/revisions"}],"wp:featuredmedia":[{"embeddable":true,"href":"https:\/\/www.europesays.com\/de\/wp-json\/wp\/v2\/media\/236691"}],"wp:attachment":[{"href":"https:\/\/www.europesays.com\/de\/wp-json\/wp\/v2\/media?parent=236690"}],"wp:term":[{"taxonomy":"category","embeddable":true,"href":"https:\/\/www.europesays.com\/de\/wp-json\/wp\/v2\/categories?post=236690"},{"taxonomy":"post_tag","embeddable":true,"href":"https:\/\/www.europesays.com\/de\/wp-json\/wp\/v2\/tags?post=236690"}],"curies":[{"name":"wp","href":"https:\/\/api.w.org\/{rel}","templated":true}]}}