{"id":236968,"date":"2025-07-02T17:49:10","date_gmt":"2025-07-02T17:49:10","guid":{"rendered":"https:\/\/www.europesays.com\/de\/236968\/"},"modified":"2025-07-02T17:49:10","modified_gmt":"2025-07-02T17:49:10","slug":"fcn-fuers-mittelfeld-nuernberg-kassiert-naechsten-transfer-korb-sport","status":"publish","type":"post","link":"https:\/\/www.europesays.com\/de\/236968\/","title":{"rendered":"FCN: F\u00fcrs Mittelfeld: N\u00fcrnberg kassiert n\u00e4chsten Transfer-Korb | Sport"},"content":{"rendered":"<p><b>Bislang ist es nicht wirklich der Transfersommer des 1. FC N\u00fcrnberg<\/b>. <\/p>\n<p>Zwar hat der Club am Mittwoch mit Noah Maboulou (20\/von Stades Rennes II) seinen achten Neuzugang verpflichtet. Doch vor allem an erfahrenen Verst\u00e4rkungen mangelt es der Mannschaft von Trainer Miroslav Klose (47) noch. Ein geeigneter Kandidat w\u00e4re wohl auch Carlo Boukhalfa (26) vom FC St. Pauli gewesen. Doch auch diesen Namen kann der FCN jetzt von seiner Liste streichen.<\/p>\n<p>Der zentrale Mittelfeldspieler hat jetzt beim Schweizer Erstligisten St. Gallen einen Zweijahresvertrag unterschrieben. Zuvor hatte sich auch schon der Wechsel von Arjon Ibrahimovic (19\/zu Heidenheim) zerschlagen (BILD berichtete).<\/p>\n<p>Lesen Sie auch<\/p>\n<p>Maurice Krattenmacher (19), der jetzt zu Hertha BSC Berlin gewechselt ist, hatten die Bosse am Valznerweiher auch schon auf dem Zettel. Und so geht das Warten nach echten Verst\u00e4rkungen weiter. <\/p>\n<p> <b>Klose: \u201eWir haben viele an der Angel, aber es hat noch keiner zugebissen. Ich bin wirklich optimistisch, dass vielleicht in den n\u00e4chsten Tagen der ein oder andere anbei\u00dft.\u201c<\/b><\/p>\n","protected":false},"excerpt":{"rendered":"Bislang ist es nicht wirklich der Transfersommer des 1. FC N\u00fcrnberg. Zwar hat der Club am Mittwoch mit&hellip;\n","protected":false},"author":2,"featured_media":236969,"comment_status":"","ping_status":"","sticky":false,"template":"","format":"standard","meta":{"footnotes":""},"categories":[1837],"tags":[783,772,74236,3364,29,347,30,786,3783,785,803,877,1470,45,784],"class_list":{"0":"post-236968","1":"post","2":"type-post","3":"status-publish","4":"format-standard","5":"has-post-thumbnail","7":"category-nuernberg","8":"tag-1-fc-nuernberg","9":"tag-bayern","10":"tag-boukhalfa-carlo","11":"tag-de","12":"tag-deutschland","13":"tag-fussball","14":"tag-germany","15":"tag-klose-miroslav","16":"tag-nuernberg","17":"tag-saison-2024-2025","18":"tag-spielertransfer","19":"tag-spobi-2-liga","20":"tag-sport-leuchtturm-muenchen","21":"tag-texttospeech","22":"tag-zweite-bundesliga"},"share_on_mastodon":{"url":"","error":""},"_links":{"self":[{"href":"https:\/\/www.europesays.com\/de\/wp-json\/wp\/v2\/posts\/236968","targetHints":{"allow":["GET"]}}],"collection":[{"href":"https:\/\/www.europesays.com\/de\/wp-json\/wp\/v2\/posts"}],"about":[{"href":"https:\/\/www.europesays.com\/de\/wp-json\/wp\/v2\/types\/post"}],"author":[{"embeddable":true,"href":"https:\/\/www.europesays.com\/de\/wp-json\/wp\/v2\/users\/2"}],"replies":[{"embeddable":true,"href":"https:\/\/www.europesays.com\/de\/wp-json\/wp\/v2\/comments?post=236968"}],"version-history":[{"count":0,"href":"https:\/\/www.europesays.com\/de\/wp-json\/wp\/v2\/posts\/236968\/revisions"}],"wp:featuredmedia":[{"embeddable":true,"href":"https:\/\/www.europesays.com\/de\/wp-json\/wp\/v2\/media\/236969"}],"wp:attachment":[{"href":"https:\/\/www.europesays.com\/de\/wp-json\/wp\/v2\/media?parent=236968"}],"wp:term":[{"taxonomy":"category","embeddable":true,"href":"https:\/\/www.europesays.com\/de\/wp-json\/wp\/v2\/categories?post=236968"},{"taxonomy":"post_tag","embeddable":true,"href":"https:\/\/www.europesays.com\/de\/wp-json\/wp\/v2\/tags?post=236968"}],"curies":[{"name":"wp","href":"https:\/\/api.w.org\/{rel}","templated":true}]}}