{"id":238252,"date":"2025-07-03T05:24:18","date_gmt":"2025-07-03T05:24:18","guid":{"rendered":"https:\/\/www.europesays.com\/de\/238252\/"},"modified":"2025-07-03T05:24:18","modified_gmt":"2025-07-03T05:24:18","slug":"adfc-fahrradklima-test-schlechte-noten-fuer-die-verkehrssicherheit-in-mannheim-mannheim-und-metropolregion-rhein-neckar-nachrichten-und-aktuelles","status":"publish","type":"post","link":"https:\/\/www.europesays.com\/de\/238252\/","title":{"rendered":"ADFC-Fahrradklima-Test: Schlechte Noten f\u00fcr die Verkehrssicherheit in Mannheim &#8211; Mannheim und Metropolregion Rhein-Neckar &#8211; Nachrichten und Aktuelles"},"content":{"rendered":"<p>Parken auf Radwegen und Baustellen als Gefahr: Im aktuellen ADFC-Fahrradklima-Test verbessert sich Mannheim kaum \u2013 liegt aber im Bundesvergleich weiter im Mittelfeld.<\/p>\n<p class=\"autor\">Von Olivia Kaiser<\/p>\n<p>Mannheim. W\u00e4hrend sich St\u00e4dte wie M\u00fcnster, Freiburg aber auch Karlsruhe im elften Fahrradklima-Test des Allgemeinen Deutschen Fahrrad Clubs (ADFC) im Vergleich zu 2022 verbessert haben, tritt Mannheim auf der Stelle: Die Quadratestadt liegt fast unver\u00e4ndert bei einer Note von 4,0 (2022: 3,99) und damit erneut auf Rang 12 unter 25 deutschen Gro\u00dfst\u00e4dten mit<\/p>\n<p>                    Weiterlesen mit <img loading=\"lazy\" decoding=\"async\" src=\"https:\/\/www.rnz.de\/pu_rnz_2021\/assets\/img\/rnz-plus.svg\" alt=\"Plus\" class=\"ms-1\" width=\"52\" height=\"20\"\/><\/p>\n<ul class=\"nfy-custom-list list-unstyled nfy-check-list\">\n<li class=\"lh-lg\">\n                                 Alle Artikel lesen mit RNZ+\n                            <\/li>\n<li class=\"lh-lg\">\n                                 Exklusives Trauerportal mit RNZ+\n                            <\/li>\n<li class=\"lh-lg\">\n                                 Weniger Werbung mit RNZ+\n                            <\/li>\n<\/ul>\n<p>Dieser Artikel wurde geschrieben von:<\/p>\n<p><a href=\"https:\/\/www.rnz.de\/autoren\/olivia-kaiser-40\" title=\"Mannheim-Redakteurin  Olivia Kaiser\" target=\"_blank\" rel=\"noopener\"><img decoding=\"async\" src=\"https:\/\/www.europesays.com\/de\/wp-content\/uploads\/2025\/07\/1751520258_54_450599_2_authorpicture_ok.jpg\" class=\"img-fluid rounded-circle\" width=\"100\" height=\"100\" loading=\"lazy\"\/><\/a><\/p>\n","protected":false},"excerpt":{"rendered":"Parken auf Radwegen und Baustellen als Gefahr: Im aktuellen ADFC-Fahrradklima-Test verbessert sich Mannheim kaum \u2013 liegt aber im&hellip;\n","protected":false},"author":2,"featured_media":238253,"comment_status":"","ping_status":"","sticky":false,"template":"","format":"standard","meta":{"footnotes":""},"categories":[1845],"tags":[1634,3364,29,548,663,3934,30,13,2096,17870,14,15,12],"class_list":{"0":"post-238252","1":"post","2":"type-post","3":"status-publish","4":"format-standard","5":"has-post-thumbnail","7":"category-mannheim","8":"tag-baden-wuerttemberg","9":"tag-de","10":"tag-deutschland","11":"tag-eu","12":"tag-europa","13":"tag-europe","14":"tag-germany","15":"tag-headlines","16":"tag-mannheim","17":"tag-mannheim-metropolregion-nordbaden-rhein-neckart-rhein-neckar-pfalz-vorderpfalz","18":"tag-nachrichten","19":"tag-news","20":"tag-schlagzeilen"},"share_on_mastodon":{"url":"https:\/\/pubeurope.com\/@de\/114787638659938526","error":""},"_links":{"self":[{"href":"https:\/\/www.europesays.com\/de\/wp-json\/wp\/v2\/posts\/238252","targetHints":{"allow":["GET"]}}],"collection":[{"href":"https:\/\/www.europesays.com\/de\/wp-json\/wp\/v2\/posts"}],"about":[{"href":"https:\/\/www.europesays.com\/de\/wp-json\/wp\/v2\/types\/post"}],"author":[{"embeddable":true,"href":"https:\/\/www.europesays.com\/de\/wp-json\/wp\/v2\/users\/2"}],"replies":[{"embeddable":true,"href":"https:\/\/www.europesays.com\/de\/wp-json\/wp\/v2\/comments?post=238252"}],"version-history":[{"count":0,"href":"https:\/\/www.europesays.com\/de\/wp-json\/wp\/v2\/posts\/238252\/revisions"}],"wp:featuredmedia":[{"embeddable":true,"href":"https:\/\/www.europesays.com\/de\/wp-json\/wp\/v2\/media\/238253"}],"wp:attachment":[{"href":"https:\/\/www.europesays.com\/de\/wp-json\/wp\/v2\/media?parent=238252"}],"wp:term":[{"taxonomy":"category","embeddable":true,"href":"https:\/\/www.europesays.com\/de\/wp-json\/wp\/v2\/categories?post=238252"},{"taxonomy":"post_tag","embeddable":true,"href":"https:\/\/www.europesays.com\/de\/wp-json\/wp\/v2\/tags?post=238252"}],"curies":[{"name":"wp","href":"https:\/\/api.w.org\/{rel}","templated":true}]}}