{"id":238395,"date":"2025-07-03T06:39:11","date_gmt":"2025-07-03T06:39:11","guid":{"rendered":"https:\/\/www.europesays.com\/de\/238395\/"},"modified":"2025-07-03T06:39:11","modified_gmt":"2025-07-03T06:39:11","slug":"schwarzer-rauch-brand-in-chemikalienbetrieb-in-braunschweig","status":"publish","type":"post","link":"https:\/\/www.europesays.com\/de\/238395\/","title":{"rendered":"Schwarzer Rauch: Brand in Chemikalienbetrieb in Braunschweig"},"content":{"rendered":"<p>\n            Stand: 03.07.2025 08:21 Uhr<\/p>\n<p>                    <a href=\"https:\/\/www.europesays.com\/de\/wp-content\/uploads\/2025\/07\/feuerwehr3044.webp\" class=\"zoomimage\" title=\"Bild vergr\u00f6\u00dfern\"><\/p>\n<p>        <img decoding=\"async\" src=\"https:\/\/www.europesays.com\/de\/wp-content\/uploads\/2025\/07\/feuerwehr3044.webp\" alt=\"Ein Rettungswagen der Feuerwehr.\" title=\"Der Brand war nach einer Stunde gel\u00f6scht. Eine Gefahr f\u00fcr die Bev\u00f6lkerung habe nicht bestanden. (Themenbild) | panthermedia, Bernd Leitner\" class=\"responsive\" loading=\"lazy\"\/><\/p>\n<p>                    <\/a><\/p>\n<p>                    Der Brand war nach einer Stunde gel\u00f6scht. Eine Gefahr f\u00fcr die Bev\u00f6lkerung habe nicht bestanden. (Themenbild)<\/p>\n<p class=\"\">\nIn einem Chemikalien verarbeitenden Betrieb in Braunschweig hat ein Brand am Mittwochabend einen Gro\u00dfeinsatz der Feuerwehr ausgel\u00f6st. Gegen 21.50 Uhr sei die integrierte Leitstelle alarmiert worden, teilte die Feuerwehr Braunschweig mit. Am Brandort in der Porschestra\u00dfe stellte die Berufsfeuerwehr fest, dass schwarzer Rauch aus dem brennenden Geb\u00e4ude trat. Weitere Einheiten wurden daraufhin hinzugezogen, hei\u00dft es, darunter die Ortsfeuerwehren R\u00fchme, Wenden und Veltenhof und ein ABC-Zug. Aus Hildesheim r\u00fcckte ein Spezialfahrzeug zum Gefahrstoffnachweis an, so die Feuerwehr Braunschweig. Nach einer Stunde war das Feuer gel\u00f6scht, Gefahr f\u00fcr die Bev\u00f6lkerung habe nicht bestanden. Man habe aber nicht ausschlie\u00dfen k\u00f6nnen, dass durch die Flammen Beh\u00e4lter besch\u00e4digt wurden. Deshalb kontrollierten spezialisierte Einsatzkr\u00e4fte die Gebinde. Der Einsatz dauert noch immer an.<\/p>\n<p>        <img decoding=\"async\" src=\"https:\/\/www.europesays.com\/de\/wp-content\/uploads\/2025\/06\/regionalbs100.webp\" alt=\"Der Braunschweiger Dom von oben.\" title=\"Der Braunschweiger Dom von oben. | NDR, Julius Matuschik\" class=\"responsive\" loading=\"lazy\"\/><\/p>\n<p>\n                                    8 Min<\/p>\n<p>Was in Ihrer Region wichtig ist, h\u00f6ren Sie in dem Mitschnitt der 15:00 Uhr Regional-Nachrichten auf NDR 1 Niedersachsen.<\/p>\n<p>Dieses Thema im Programm:<\/p>\n<p>                NDR 1 Niedersachsen | Regional Braunschweig | 03.07.2025 | 06:30 Uhr<\/p>\n","protected":false},"excerpt":{"rendered":"Stand: 03.07.2025 08:21 Uhr Der Brand war nach einer Stunde gel\u00f6scht. Eine Gefahr f\u00fcr die Bev\u00f6lkerung habe nicht&hellip;\n","protected":false},"author":2,"featured_media":238396,"comment_status":"","ping_status":"","sticky":false,"template":"","format":"standard","meta":{"footnotes":""},"categories":[1850],"tags":[590,2919,6429,5738,14195,3364,29,548,663,3934,985,30,13,14,15,1411,74547,12,44691],"class_list":{"0":"post-238395","1":"post","2":"type-post","3":"status-publish","4":"format-standard","5":"has-post-thumbnail","7":"category-braunschweig","8":"tag-aktuell","9":"tag-brand","10":"tag-braunschweig","11":"tag-chemie","12":"tag-chemikalien","13":"tag-de","14":"tag-deutschland","15":"tag-eu","16":"tag-europa","17":"tag-europe","18":"tag-feuerwehr","19":"tag-germany","20":"tag-headlines","21":"tag-nachrichten","22":"tag-news","23":"tag-niedersachsen","24":"tag-porschestrasse","25":"tag-schlagzeilen","26":"tag-schutzanzug"},"share_on_mastodon":{"url":"https:\/\/pubeurope.com\/@de\/114787933518502107","error":""},"_links":{"self":[{"href":"https:\/\/www.europesays.com\/de\/wp-json\/wp\/v2\/posts\/238395","targetHints":{"allow":["GET"]}}],"collection":[{"href":"https:\/\/www.europesays.com\/de\/wp-json\/wp\/v2\/posts"}],"about":[{"href":"https:\/\/www.europesays.com\/de\/wp-json\/wp\/v2\/types\/post"}],"author":[{"embeddable":true,"href":"https:\/\/www.europesays.com\/de\/wp-json\/wp\/v2\/users\/2"}],"replies":[{"embeddable":true,"href":"https:\/\/www.europesays.com\/de\/wp-json\/wp\/v2\/comments?post=238395"}],"version-history":[{"count":0,"href":"https:\/\/www.europesays.com\/de\/wp-json\/wp\/v2\/posts\/238395\/revisions"}],"wp:featuredmedia":[{"embeddable":true,"href":"https:\/\/www.europesays.com\/de\/wp-json\/wp\/v2\/media\/238396"}],"wp:attachment":[{"href":"https:\/\/www.europesays.com\/de\/wp-json\/wp\/v2\/media?parent=238395"}],"wp:term":[{"taxonomy":"category","embeddable":true,"href":"https:\/\/www.europesays.com\/de\/wp-json\/wp\/v2\/categories?post=238395"},{"taxonomy":"post_tag","embeddable":true,"href":"https:\/\/www.europesays.com\/de\/wp-json\/wp\/v2\/tags?post=238395"}],"curies":[{"name":"wp","href":"https:\/\/api.w.org\/{rel}","templated":true}]}}