{"id":238597,"date":"2025-07-03T08:33:17","date_gmt":"2025-07-03T08:33:17","guid":{"rendered":"https:\/\/www.europesays.com\/de\/238597\/"},"modified":"2025-07-03T08:33:17","modified_gmt":"2025-07-03T08:33:17","slug":"region-hannover-will-sirenennetz-ausbauen","status":"publish","type":"post","link":"https:\/\/www.europesays.com\/de\/238597\/","title":{"rendered":"Region Hannover will Sirenennetz ausbauen"},"content":{"rendered":"<p>\n            Stand: 03.07.2025 09:36 Uhr<\/p>\n<p>                    <a href=\"https:\/\/www.europesays.com\/de\/wp-content\/uploads\/2025\/07\/sirene-102.webp\" class=\"zoomimage\" title=\"Bild vergr\u00f6\u00dfern\"><\/p>\n<p>        <img decoding=\"async\" src=\"https:\/\/www.europesays.com\/de\/wp-content\/uploads\/2025\/07\/sirene-102.webp\" alt=\"Nahaufnahme einer Sirene an einer Schule\" title=\"Vor allem im Umland von Hannover ist der Bedarf an Warnsirenen gro\u00df. (Themenbild) | picture alliance \/ imageBROKER\" class=\"responsive\" loading=\"lazy\"\/><\/p>\n<p>                    <\/a><\/p>\n<p>                    Vor allem im Umland von Hannover ist der Bedarf an Warnsirenen gro\u00df. (Themenbild)<\/p>\n<p class=\"\">\nDie Region Hannover will in den Ausbau des Sirenennetzes investieren. In den kommenden drei Jahren sollen daf\u00fcr drei Millionen Euro bereitgestellt werden, teilte Sicherheitsdezernentin Christine Karasch mit. Vor allem im Umland von Hannover ist der Bedarf an Warnsirenen gro\u00df. Fast 600 brauche es insgesamt, hei\u00dft es von der Region, bisher wurden aber nur knapp 30 gef\u00f6rdert. Die neuen Sirenen sollen vor allem auf D\u00e4chern angebracht werden. Warnsirenen mit ihrem lauten Heul-Ton seien vor allem dort sinnvoll, wo Menschen aufgrund eines besonderen Gefahrenpotenzials schnell und mit hohem Erreichungsgrad gewarnt werden m\u00fcssen.<\/p>\n<p>        <img decoding=\"async\" src=\"https:\/\/www.europesays.com\/de\/wp-content\/uploads\/2025\/07\/sirene148.webp\" alt=\"Metallene Sirene auf einem Mast vor blauen Himmel.\" title=\"Metallene Sirene auf einem Mast vor blauen Himmel. | picture alliance \/ CHROMORANGE, Michael Bihlmayer\" class=\"responsive\" loading=\"lazy\"\/><\/p>\n<p>Die sieben Sirenen haben wie gew\u00fcnscht ausgel\u00f6st. Der Probealarm fand am Mittwochvormittag statt.<\/p>\n<p>        <img decoding=\"async\" src=\"https:\/\/www.europesays.com\/de\/wp-content\/uploads\/2025\/07\/ndr-das-rathaus-am-maschsee-100.webp\" alt=\"Das Rathaus am Maschsee.\" title=\"Das Rathaus am Maschsee. | NDR\" class=\"responsive\" loading=\"lazy\"\/><\/p>\n<p>\n                                    8 Min<\/p>\n<p>Was in Ihrer Region wichtig ist, h\u00f6ren Sie in dem Mitschnitt der 15:00 Uhr Regional-Nachrichten auf NDR 1 Niedersachsen.<\/p>\n","protected":false},"excerpt":{"rendered":"Stand: 03.07.2025 09:36 Uhr Vor allem im Umland von Hannover ist der Bedarf an Warnsirenen gro\u00df. (Themenbild) Die&hellip;\n","protected":false},"author":2,"featured_media":238598,"comment_status":"","ping_status":"","sticky":false,"template":"","format":"standard","meta":{"footnotes":""},"categories":[1836],"tags":[590,26198,8684,3364,29,30,46,14,25638,15,1411,5399,37779,49216],"class_list":{"0":"post-238597","1":"post","2":"type-post","3":"status-publish","4":"format-standard","5":"has-post-thumbnail","7":"category-hannover","8":"tag-aktuell","9":"tag-alarm","10":"tag-ausbau","11":"tag-de","12":"tag-deutschland","13":"tag-germany","14":"tag-hannover","15":"tag-nachrichten","16":"tag-netz","17":"tag-news","18":"tag-niedersachsen","19":"tag-region","20":"tag-sirenen","21":"tag-warnsystem"},"share_on_mastodon":{"url":"https:\/\/pubeurope.com\/@de\/114788382016159061","error":""},"_links":{"self":[{"href":"https:\/\/www.europesays.com\/de\/wp-json\/wp\/v2\/posts\/238597","targetHints":{"allow":["GET"]}}],"collection":[{"href":"https:\/\/www.europesays.com\/de\/wp-json\/wp\/v2\/posts"}],"about":[{"href":"https:\/\/www.europesays.com\/de\/wp-json\/wp\/v2\/types\/post"}],"author":[{"embeddable":true,"href":"https:\/\/www.europesays.com\/de\/wp-json\/wp\/v2\/users\/2"}],"replies":[{"embeddable":true,"href":"https:\/\/www.europesays.com\/de\/wp-json\/wp\/v2\/comments?post=238597"}],"version-history":[{"count":0,"href":"https:\/\/www.europesays.com\/de\/wp-json\/wp\/v2\/posts\/238597\/revisions"}],"wp:featuredmedia":[{"embeddable":true,"href":"https:\/\/www.europesays.com\/de\/wp-json\/wp\/v2\/media\/238598"}],"wp:attachment":[{"href":"https:\/\/www.europesays.com\/de\/wp-json\/wp\/v2\/media?parent=238597"}],"wp:term":[{"taxonomy":"category","embeddable":true,"href":"https:\/\/www.europesays.com\/de\/wp-json\/wp\/v2\/categories?post=238597"},{"taxonomy":"post_tag","embeddable":true,"href":"https:\/\/www.europesays.com\/de\/wp-json\/wp\/v2\/tags?post=238597"}],"curies":[{"name":"wp","href":"https:\/\/api.w.org\/{rel}","templated":true}]}}