{"id":238824,"date":"2025-07-03T10:36:10","date_gmt":"2025-07-03T10:36:10","guid":{"rendered":"https:\/\/www.europesays.com\/de\/238824\/"},"modified":"2025-07-03T10:36:10","modified_gmt":"2025-07-03T10:36:10","slug":"afd-fragt-vornamen-ab-die-meisten-buergergeldempfaenger-heissen-michael-andreas-und-thomas-rp-online","status":"publish","type":"post","link":"https:\/\/www.europesays.com\/de\/238824\/","title":{"rendered":"AfD fragt Vornamen ab: Die meisten B\u00fcrgergeldempf\u00e4nger hei\u00dfen Michael, Andreas und Thomas &#8211; RP Online"},"content":{"rendered":"<ol>\n<li><a href=\"https:\/\/news.google.com\/rss\/articles\/CBMi3gFBVV95cUxNSnc0bV9oRmNQMm1XS21Lbk0yN0lRY3JpOE5XVDJDQUZIQ0YwVWVQUTlfM2lZVnhNSzY5Q3MwZHEtRGxHUTh5dTZWVDU4NjRFYk4xOFRHbjM3LW1wSW1DTkZaWHRPMmFlQXoxQURZM3NLVjMyYlZPR3ZEYkJTWXRkOE9POGxEUTZyN0cxWXhrSTR5YzhVdjc1QTdFd3QxbGVnb2RhczA3V01sWWdfd2U3S2FMbGQzX3VpaFBkakxGS0hJeUhseFpjQVczUlhVODJtYTNadmljc3lLc0FObGc?oc=5\" target=\"_blank\" rel=\"nofollow noopener\">AfD fragt Vornamen ab: Die meisten B\u00fcrgergeldempf\u00e4nger hei\u00dfen Michael, Andreas und Thomas<\/a>&nbsp;&nbsp;RP Online<\/li>\n<li><a href=\"https:\/\/news.google.com\/rss\/articles\/CBMi3wFBVV95cUxQc1NnZFhRanQxdzFpejVDT0ZodlpRT0pab3A1bmxjQmRZTHFJQW5VSFdfdkZuN0xrMzFiZW0zS2EzWllWbzZWNXkyTGpZYmFGUzRES01DVzg4RTBaUG9MWkgtS3Z0NjNETk5DbXVpNy1VVjBNVGdwc2hYX2k1QzV0OXNfOTZfMHZlSnJiVXhGTl9MS2d3YzliWkxrNFN3Q0sxWUk3OG5LWk9LMVJlU0RsR1BKNTNFdXMwTzYzX3dPOUN2MzEtWUx5YWJDa0E2OE1CYXFhUFk4WXVwek5DY0xB?oc=5\" target=\"_blank\" rel=\"nofollow noopener\">Bundestag: AfD fragt Vornamen von B\u00fcrgergeld-Empf\u00e4ngern ab \u2013 Das sind die h\u00e4ufigsten<\/a>&nbsp;&nbsp;WELT<\/li>\n<li><a href=\"https:\/\/news.google.com\/rss\/articles\/CBMiywFBVV95cUxOWEV0RWtSUDk4bFFCcmdtajB3VGlfd3Y1Y3A1VmpsRm1abnBRSklBenQzMkJHeURNVG4wSUwtamFKZzktSlZQWFhoQjNOeDFCUjJlZmNUTHhIRFdNVHhXVWZaNjk4MXNqS0JMZkFhOS04ckUzTmY4MC1VSjNrQzM5RGExOEJURlhHczdvWEp3UGRfM29uRVNJbkh3QWQ3WGFCN0tITm5rS09qX0NVcnJOTUVkdTdwQVkxZ2Z2TnJrM3dQcjhUWXJfWnc3WQ?oc=5\" target=\"_blank\" rel=\"nofollow noopener\">AfD fragt Vornamen ab: Beim B\u00fcrgergeld f\u00fchrt Michael vor Andreas und Thomas<\/a>&nbsp;&nbsp;RP Online<\/li>\n<li><a href=\"https:\/\/news.google.com\/rss\/articles\/CBMiY0FVX3lxTE81NjdrbGdiYjZxQ3RkX2FJeV9oVVlYU0M0dWNFNmU3TE1YNXhmYkFzNnViQXZuamJXOHFCTUZvelU0S3VrR2dEenFlRnN3VjdsazdTWWROazNkRklMWndIbHJJTQ?oc=5\" target=\"_blank\" rel=\"nofollow noopener\">Alle Artikel in \u201ePolitik\u201c vom 03.07.2025<\/a>&nbsp;&nbsp;Tagesspiegel<\/li>\n<li><a href=\"https:\/\/news.google.com\/rss\/articles\/CBMitgFBVV95cUxPOGJFS0JjRVBUWFpYaFd4bVhFN3M5RmtuNHB3TDJsUmpKNjhSRzItLVlKUEhGbFFVUVJFb1BUbi05UEJKNUx0MGhYMFYzTDh2SHRCbjRmclRVRlhzZTdUeTRvclRUM2lUUmtGVk81RmpMX2F6ZDBFTFZzU0ZWOHVNNHc4cWhVaGZiY0F0dWUtRGNOcEU5ZnhESV83dXFPYUx1U2dURXFNSnZNMmN2MmlZem9PTGpJZw?oc=5\" target=\"_blank\" rel=\"nofollow noopener\">Sozialleistungen &#8211; AfD fragt Vornamen von B\u00fcrgergeldempf\u00e4ngern ab: Michael, Andreas und Thomas<\/a>&nbsp;&nbsp;Deutschlandfunk<\/li>\n<\/ol>\n","protected":false},"excerpt":{"rendered":"AfD fragt Vornamen ab: Die meisten B\u00fcrgergeldempf\u00e4nger hei\u00dfen Michael, Andreas und Thomas&nbsp;&nbsp;RP Online Bundestag: AfD fragt Vornamen von&hellip;\n","protected":false},"author":2,"featured_media":238825,"comment_status":"","ping_status":"","sticky":false,"template":"","format":"standard","meta":{"footnotes":""},"categories":[2],"tags":[186,12092,384,74700,29,2243,54334,52538,30,74699,13,20415,14,15,2403,12,3247,10,8,9,11,38361],"class_list":{"0":"post-238824","1":"post","2":"type-post","3":"status-publish","4":"format-standard","5":"has-post-thumbnail","7":"category-deutschland","8":"tag-afd","9":"tag-andreas","10":"tag-buergergeld","11":"tag-buergergeldempfaenger","12":"tag-deutschland","13":"tag-ergebnis","14":"tag-folgt","15":"tag-gefolgt","16":"tag-germany","17":"tag-haeufigste","18":"tag-headlines","19":"tag-michael","20":"tag-nachrichten","21":"tag-news","22":"tag-partei","23":"tag-schlagzeilen","24":"tag-thomas","25":"tag-top-news","26":"tag-top-meldungen","27":"tag-topmeldungen","28":"tag-topnews","29":"tag-vorname"},"share_on_mastodon":{"url":"https:\/\/pubeurope.com\/@de\/114788865354939615","error":""},"_links":{"self":[{"href":"https:\/\/www.europesays.com\/de\/wp-json\/wp\/v2\/posts\/238824","targetHints":{"allow":["GET"]}}],"collection":[{"href":"https:\/\/www.europesays.com\/de\/wp-json\/wp\/v2\/posts"}],"about":[{"href":"https:\/\/www.europesays.com\/de\/wp-json\/wp\/v2\/types\/post"}],"author":[{"embeddable":true,"href":"https:\/\/www.europesays.com\/de\/wp-json\/wp\/v2\/users\/2"}],"replies":[{"embeddable":true,"href":"https:\/\/www.europesays.com\/de\/wp-json\/wp\/v2\/comments?post=238824"}],"version-history":[{"count":0,"href":"https:\/\/www.europesays.com\/de\/wp-json\/wp\/v2\/posts\/238824\/revisions"}],"wp:featuredmedia":[{"embeddable":true,"href":"https:\/\/www.europesays.com\/de\/wp-json\/wp\/v2\/media\/238825"}],"wp:attachment":[{"href":"https:\/\/www.europesays.com\/de\/wp-json\/wp\/v2\/media?parent=238824"}],"wp:term":[{"taxonomy":"category","embeddable":true,"href":"https:\/\/www.europesays.com\/de\/wp-json\/wp\/v2\/categories?post=238824"},{"taxonomy":"post_tag","embeddable":true,"href":"https:\/\/www.europesays.com\/de\/wp-json\/wp\/v2\/tags?post=238824"}],"curies":[{"name":"wp","href":"https:\/\/api.w.org\/{rel}","templated":true}]}}