{"id":238866,"date":"2025-07-03T10:59:13","date_gmt":"2025-07-03T10:59:13","guid":{"rendered":"https:\/\/www.europesays.com\/de\/238866\/"},"modified":"2025-07-03T10:59:13","modified_gmt":"2025-07-03T10:59:13","slug":"vizechef-der-russischen-marine-bei-raketenangriff-getoetet","status":"publish","type":"post","link":"https:\/\/www.europesays.com\/de\/238866\/","title":{"rendered":"Vizechef der russischen Marine bei Raketenangriff get\u00f6tet"},"content":{"rendered":"<p>12:11 Uhr | Vizechef der russischen Marine get\u00f6tet\n<\/p>\n<p>Der f\u00fcr die Marineinfanterie zust\u00e4ndige Vizechef der russischen Flotte, Generalmajor Michail Gudkow, ist im Grenzgebiet Kursk durch einen ukrainischen Raketenangriff ums Leben gekommen. Das teilte der Gouverneur der am Pazifik gelegenen Region Primorje, Oleg Koschemjako, mit. Zuerst hatten russische Milit\u00e4rblogger \u00fcber den Tod des hochrangigen Offiziers berichtet. Demnach war ein Kommandopunkt im Landkreis Korenowo nahe der Grenze zur Ukraine unter Beschuss geraten. Mehr als zehn Soldaten seien ums Leben gekommen, viele davon hochrangige Offiziere, berichtete etwa der Milit\u00e4rblog Severnnyj.<\/p>\n<p>Gudkow war erst im M\u00e4rz von Kremlchef Wladimir Putin zum stellvertretenden Oberbefehlshaber der Marine ernannt worden. Sein Aufgabengebiet war die Koordinierung von Marineinfanterie und der Raketen- und Artillerieeinheiten von K\u00fcstenbatterien. Was Gudkow erreicht habe, m\u00fcsse auf andere erfolgreiche Kommandeure ausgeweitet werden, lobte Putin bei der Ernennung die Kriegserfahrung des Generalmajors. Gudkow ist nicht der erste russische General, den die Ukraine in ihrem Abwehrkampf gegen die Invasion t\u00f6ten konnte. Best\u00e4tigt wurde \u2013 einschlie\u00dflich Gudkow \u2013 bislang der Tod von zw\u00f6lf Offizieren im Generalsrang. (Quelle: dpa)<\/p>\n<p>10:16 Uhr | Tote nach russischem Angriff auf Poltawa\n<\/p>\n<p>Bei einem russischen Angriff auf die zentralukrainische Stadt Poltawa sind nach Angaben der \u00f6rtlichen Beh\u00f6rden zwei Menschen get\u00f6tet und elf weitere verletzt worden. Auch zivile Infrastruktur sei bei dem Angriff besch\u00e4digt worden, teilte der Gouverneur der gleichnamigen Region, Wolodymyr Kohut, auf dem Kurznachrichtendienst Telegram mit. Dem ukrainischen Milit\u00e4r zufolge war auch ein Rekrutierungszentrum der Armee betroffen. In dem Geb\u00e4ude und einem nahe gelegenen Wohnhaus seien Br\u00e4nde ausgebrochen. (Quelle: Reuters)<\/p>\n<p>08:07 Uhr | Russischer Luftangriff auf Odessa\n<\/p>\n<p>Bei einem russischen Luftangriff auf die s\u00fcdukrainische Hafenstadt Odessa sind den \u00f6rtlichen Beh\u00f6rden zufolge f\u00fcnf Menschen verletzt worden. Der Gouverneur der Region, Oleh Kiper, teilte mit, unter den Verletzten seien ein siebenj\u00e4hriger Junge und ein neunj\u00e4hriges M\u00e4dchen. Die beiden Kinder seien mit Rauchvergiftungen in ein Krankenhaus gebracht worden.<\/p>\n<p>Ein mehrst\u00f6ckiges Wohnhaus sei bei dem Angriff besch\u00e4digt worden. Kiper zufolge wurden sechs Wohnungen vollst\u00e4ndig und 36 weitere teilweise zerst\u00f6rt. Nach Angaben des Katastrophenschutzes brach in dem Geb\u00e4ude ein Feuer aus. 50 Menschen seien aus dem brennenden Geb\u00e4ude gerettet worden. Das Feuer sei inzwischen gel\u00f6scht. (Quelle: Reuters)<\/p>\n<p>07:39 Uhr | Russland meldet ukrainischen Drohnenangriff \u2013 Eine Tote\n<\/p>\n<p>Bei ukrainischen Drohnenangriffen ist in der s\u00fcdwestrussischen Region Lipezk den \u00f6rtlichen Beh\u00f6rden zufolge eine \u00e4ltere Frau get\u00f6tet worden. Regionalgouverneur Igor Artamonow teilte mit, zwei weitere Menschen seien verletzt worden. Tr\u00fcmmerteile einer abgeschossenen Drohne seien auf ein Wohnhaus in einem Bezirk der gleichnamigen Regionalhauptstadt gest\u00fcrzt. Demnach wurde auch in der Stadt Jelez ein im Bau befindliches Wohnhaus besch\u00e4digt.<\/p>\n<p>Das Moskauer Verteidigungsministerium teilt mit, dass die Luftabwehr in der Nacht insgesamt 69 ukrainische Drohnen \u00fcber russischem Territorium und der annektierten Halbinsel Krim zerst\u00f6rt habe. Allein zehn Drohnen seien \u00fcber der Region Lipezk abgeschossen worden. Das Ministerium macht \u00fcblicherweise keine Angaben dazu, mit wie vielen Drohnen die Ukraine angegriffen hat. Die Ukraine hat wiederholt Luftangriffe auf Lipezk gestartet. Die Region gilt als strategisch wichtig, da sich dort ein Luftwaffenst\u00fctzpunkt befindet. (Quelle: Reuters)<\/p>\n<p>03:29 Uhr | USA relativieren angek\u00fcndigten Stopp von Waffenlieferungen an die Ukraine\n<\/p>\n<p>US-Regierungsstellen haben \u00c4u\u00dferungen \u00fcber einen Stopp von Waffenlieferungen an die Ukraine relativiert. Pentagon-Sprecher Sean Parnell erkl\u00e4rte, das Verteidigungsministerium biete Pr\u00e4sident Donald Trump weiterhin Optionen f\u00fcr milit\u00e4rische Unterst\u00fctzung, die mit dessen Ziel eines Kriegsendes vereinbar seien. Man passe den Ansatz an, ohne die eigene milit\u00e4rische Bereitschaft zu vernachl\u00e4ssigen. Auch das Au\u00dfenministerium betonte, es handele sich nicht um ein Ende der Unterst\u00fctzung. Sprecherin Tammy Bruce erkl\u00e4rte, Trump halte an der Lieferung von Patriot-Raketen fest. Diese spielen eine zentrale Rolle bei der Abwehr russischer Luftangriffe.<\/p>\n<p>Zuvor hatte das Wei\u00dfe Haus angek\u00fcndigt, bestimmte Waffenlieferungen, die unter Pr\u00e4sident Joe Biden zugesagt worden waren, auszusetzen. Medienberichten zufolge gibt es in Washington Sorgen \u00fcber sinkende Munitionsbest\u00e4nde. (Quelle: AFP)<\/p>\n<p>00:05 Uhr | Die Ereignisse gestern \u2013 2. Juli 2025\n<\/p>\n<p>Die US-Regierung setzt Teile ihrer Waffenlieferungen an die Ukraine aus, darunter zugesagte Flugabwehrraketen. Laut Wei\u00dfem Haus dient der Schritt amerikanischen Sicherheitsinteressen. Hintergrund sind laut Medienberichten unter anderem sinkende Munitionsbest\u00e4nde der USA. Die Ukraine reagierte mit Zur\u00fcckhaltung. Pr\u00e4sident Selenskyj betonte, es gebe noch Kl\u00e4rungsbedarf in den Gespr\u00e4chen mit Washington. Vize-Au\u00dfenminister Sybiha forderte zus\u00e4tzliche Abfangsysteme und erkl\u00e4rte, Kiew sei bereit, diese zu kaufen oder zu mieten.<\/p>\n<p>00:00 Uhr | Ukraine-News von Donnerstag, 3. Juli 2025\n<\/p>\n<p>Guten Tag! In unseren Ukraine-News halten wir Sie weiterhin \u00fcber die Entwicklungen im Krieg in der Ukraine auf dem aktuellen Stand. Alle wichtigen Nachrichten dazu erscheinen hier im Laufe des Tages.<\/p>\n<p>Die Berichterstattung \u00fcber den Russland-Ukraine-Krieg ist komplex. Angaben zu Kriegsverlauf, Beschuss und Opfern durch offizielle Stellen der russischen und der ukrainischen Konfliktparteien k\u00f6nnen in der aktuellen Lage nicht unmittelbar von unabh\u00e4ngiger Stelle \u00fcberpr\u00fcft werden. Es gibt eine Vielzahl von Medienvertretern vor Ort, darunter auch unabh\u00e4ngige Journalisten aus verschiedenen L\u00e4ndern. Bei der Bewertung von Informationen sind verschiedene Quellen und eine kritische Haltung unerl\u00e4sslich, um ein m\u00f6glichst umfassendes Bild zu erhalten. All das ber\u00fccksichtigt der MDR in seinen Berichten \u00fcber den Russland-Ukraine-<a name=\"Nachrichten\">Krieg<\/a>.<\/p>\n<p class=\"broadcastHint\"><strong class=\"title\">Dieses Thema im Programm:<\/strong>MDR AKTUELL | Das Nachrichtenradio | 03. Juli 2025 | 06:00 Uhr<\/p>\n","protected":false},"excerpt":{"rendered":"12:11 Uhr | Vizechef der russischen Marine get\u00f6tet Der f\u00fcr die Marineinfanterie zust\u00e4ndige Vizechef der russischen Flotte, Generalmajor&hellip;\n","protected":false},"author":2,"featured_media":238867,"comment_status":"","ping_status":"","sticky":false,"template":"","format":"standard","meta":{"footnotes":""},"categories":[4012],"tags":[331,332,13,14,15,12,317],"class_list":{"0":"post-238866","1":"post","2":"type-post","3":"status-publish","4":"format-standard","5":"has-post-thumbnail","7":"category-ukraine","8":"tag-aktuelle-nachrichten","9":"tag-aktuelle-news","10":"tag-headlines","11":"tag-nachrichten","12":"tag-news","13":"tag-schlagzeilen","14":"tag-ukraine"},"share_on_mastodon":{"url":"https:\/\/pubeurope.com\/@de\/114788955847183892","error":""},"_links":{"self":[{"href":"https:\/\/www.europesays.com\/de\/wp-json\/wp\/v2\/posts\/238866","targetHints":{"allow":["GET"]}}],"collection":[{"href":"https:\/\/www.europesays.com\/de\/wp-json\/wp\/v2\/posts"}],"about":[{"href":"https:\/\/www.europesays.com\/de\/wp-json\/wp\/v2\/types\/post"}],"author":[{"embeddable":true,"href":"https:\/\/www.europesays.com\/de\/wp-json\/wp\/v2\/users\/2"}],"replies":[{"embeddable":true,"href":"https:\/\/www.europesays.com\/de\/wp-json\/wp\/v2\/comments?post=238866"}],"version-history":[{"count":0,"href":"https:\/\/www.europesays.com\/de\/wp-json\/wp\/v2\/posts\/238866\/revisions"}],"wp:featuredmedia":[{"embeddable":true,"href":"https:\/\/www.europesays.com\/de\/wp-json\/wp\/v2\/media\/238867"}],"wp:attachment":[{"href":"https:\/\/www.europesays.com\/de\/wp-json\/wp\/v2\/media?parent=238866"}],"wp:term":[{"taxonomy":"category","embeddable":true,"href":"https:\/\/www.europesays.com\/de\/wp-json\/wp\/v2\/categories?post=238866"},{"taxonomy":"post_tag","embeddable":true,"href":"https:\/\/www.europesays.com\/de\/wp-json\/wp\/v2\/tags?post=238866"}],"curies":[{"name":"wp","href":"https:\/\/api.w.org\/{rel}","templated":true}]}}