{"id":238921,"date":"2025-07-03T11:29:10","date_gmt":"2025-07-03T11:29:10","guid":{"rendered":"https:\/\/www.europesays.com\/de\/238921\/"},"modified":"2025-07-03T11:29:10","modified_gmt":"2025-07-03T11:29:10","slug":"vfb-stuttgart-befasst-sich-mit-nuernbergs-jander-baden-wuerttemberg","status":"publish","type":"post","link":"https:\/\/www.europesays.com\/de\/238921\/","title":{"rendered":"VfB Stuttgart befasst sich mit N\u00fcrnbergs Jander &#8211; Baden-W\u00fcrttemberg"},"content":{"rendered":"<p><strong>Stuttgart (dpa) &#8211; <\/strong> Der defensive Mittelfeldspieler Caspar Jander ist beim DFB-Pokalsieger VfB Stuttgart als potenzieller Neuzugang ein Thema. Der 22-J\u00e4hrige vom Fu\u00dfball-Zweitligisten 1. FC N\u00fcrnberg soll bei den Schwaben aber nur einer von mehreren Kandidaten f\u00fcr die zentrale Position und den gesuchten Konkurrenten f\u00fcr Angelo Stiller und Atakan Karazor sein.<\/p>\n<p>Wie Sky und \u00abBild\u00bb berichten, soll sich der schw\u00e4bische Fu\u00dfball-Bundesligist mit dem Spieler bereits einig sein. Dies soll nach dpa-Informationen bisher nicht der Fall sein, ein Wechsel ist fraglich. Jander war mit der deutschen U21-Nationalmannschaft um den umworbenen VfB-St\u00fcrmer Nick Woltemade bei der EM ins Finale eingezogen, hatte den Titel aber verpasst. In N\u00fcrnberg hat er noch einen Vertrag bis zum Sommer 2028.<\/p>\n<p>Trainingsstart am 9. Juli<\/p>\n<p>Zwei Neuzug\u00e4nge f\u00fcr die neue Saison hat der VfB Stuttgart bereits verpflichtet. Mittelfeld-Talent Noah Darvich (18) wechselt vom FC Barcelona zu den Schwaben. Au\u00dfenverteidiger Lorenz Assignon (25) kommt von Stade Rennes. In Medienberichten wird auch der Serbe Lazar Jovanovic als m\u00f6glicher Neuzugang gehandelt.<\/p>\n<p>Der VfB hatte seine Saison mit dem DFB-Pokalsieg gekr\u00f6nt und sich damit f\u00fcr die Europa League qualifiziert. Am kommenden Mittwoch (9. Juli) startet die Mannschaft von Trainer Sebastian Hoene\u00df mit dem Training nach der Sommerpause. Das erste Pflichtspiel steht am 16. August mit dem Supercup-Spiel gegen den FC Bayern M\u00fcnchen an.<\/p>\n","protected":false},"excerpt":{"rendered":"Stuttgart (dpa) &#8211; Der defensive Mittelfeldspieler Caspar Jander ist beim DFB-Pokalsieger VfB Stuttgart als potenzieller Neuzugang ein Thema.&hellip;\n","protected":false},"author":2,"featured_media":238922,"comment_status":"","ping_status":"","sticky":false,"template":"","format":"standard","meta":{"footnotes":""},"categories":[1830],"tags":[621,1634,772,299,3364,29,347,30,4823,265,1441,1288,2915],"class_list":{"0":"post-238921","1":"post","2":"type-post","3":"status-publish","4":"format-standard","5":"has-post-thumbnail","7":"category-stuttgart","8":"tag-2-bundesliga","9":"tag-baden-wuerttemberg","10":"tag-bayern","11":"tag-bundesliga","12":"tag-de","13":"tag-deutschland","14":"tag-fussball","15":"tag-germany","16":"tag-meldung","17":"tag-sport","18":"tag-stuttgart","19":"tag-transfers","20":"tag-vfb-stuttgart"},"share_on_mastodon":{"url":"https:\/\/pubeurope.com\/@de\/114789073807468812","error":""},"_links":{"self":[{"href":"https:\/\/www.europesays.com\/de\/wp-json\/wp\/v2\/posts\/238921","targetHints":{"allow":["GET"]}}],"collection":[{"href":"https:\/\/www.europesays.com\/de\/wp-json\/wp\/v2\/posts"}],"about":[{"href":"https:\/\/www.europesays.com\/de\/wp-json\/wp\/v2\/types\/post"}],"author":[{"embeddable":true,"href":"https:\/\/www.europesays.com\/de\/wp-json\/wp\/v2\/users\/2"}],"replies":[{"embeddable":true,"href":"https:\/\/www.europesays.com\/de\/wp-json\/wp\/v2\/comments?post=238921"}],"version-history":[{"count":0,"href":"https:\/\/www.europesays.com\/de\/wp-json\/wp\/v2\/posts\/238921\/revisions"}],"wp:featuredmedia":[{"embeddable":true,"href":"https:\/\/www.europesays.com\/de\/wp-json\/wp\/v2\/media\/238922"}],"wp:attachment":[{"href":"https:\/\/www.europesays.com\/de\/wp-json\/wp\/v2\/media?parent=238921"}],"wp:term":[{"taxonomy":"category","embeddable":true,"href":"https:\/\/www.europesays.com\/de\/wp-json\/wp\/v2\/categories?post=238921"},{"taxonomy":"post_tag","embeddable":true,"href":"https:\/\/www.europesays.com\/de\/wp-json\/wp\/v2\/tags?post=238921"}],"curies":[{"name":"wp","href":"https:\/\/api.w.org\/{rel}","templated":true}]}}