{"id":239421,"date":"2025-07-03T15:57:13","date_gmt":"2025-07-03T15:57:13","guid":{"rendered":"https:\/\/www.europesays.com\/de\/239421\/"},"modified":"2025-07-03T15:57:13","modified_gmt":"2025-07-03T15:57:13","slug":"michael-andreas-und-thomas-fuehren-die-liste-der-haeufigsten-vornamen-an","status":"publish","type":"post","link":"https:\/\/www.europesays.com\/de\/239421\/","title":{"rendered":"Michael, Andreas und Thomas f\u00fchren die Liste der h\u00e4ufigsten Vornamen an"},"content":{"rendered":"<p class=\"tspAPha tspAPhb\">Die<strong> h\u00e4ufigsten Vornamen von B\u00fcrgergeldempf\u00e4ngern<\/strong> in Deutschland lauten <strong>Michael, Andreas und Thomas. <\/strong>Dies geht aus einer Antwort des Bundesarbeitsministeriums auf eine Frage der AfD-Bundestagsfraktion nach den 14 h\u00e4ufigsten Vornamen der Beziehenden hervor, aus der die \u201eRheinische Post\u201c am Donnerstag zitierte. <\/p>\n<p class=\"tspAPha\">Der Stand bezieht sich auf <strong>Juni 2025<\/strong>, schrieb demnach die Parlamentarische Staatssekret\u00e4rin im Arbeitsministerium, Katja Mast (SPD).<\/p>\n<p> Die h\u00e4ufigsten Vornamen von B\u00fcrgergeldempf\u00e4ngern <\/p>\n<ol data-qa-hook=\"story-list-ol\" class=\"tspB9na\">\n<li class=\"tspB9gc tspB9gc\"><strong>Michael <\/strong>(19.200 Empf\u00e4nger)<\/li>\n<li class=\"tspB9gc tspB9gc\"><strong>Andreas<\/strong> (16.200 Empf\u00e4nger)<\/li>\n<li class=\"tspB9gc tspB9gc\"><strong>Thomas<\/strong> (15.700 Empf\u00e4nger)<\/li>\n<li class=\"tspB9gc tspB9gc\"><strong>Daniel<\/strong> (14.800 Empf\u00e4nger)<\/li>\n<li class=\"tspB9gc tspB9gc\"><strong>Olena<\/strong> (14.400 Empf\u00e4nger) <\/li>\n<li class=\"tspB9gc tspB9gc\"><strong>Alexander<\/strong> (13.800 Empf\u00e4nger)<\/li>\n<li class=\"tspB9gc tspB9gc\"><strong>Ahmad<\/strong> (13.700 Empf\u00e4nger)<\/li>\n<li class=\"tspB9gc tspB9gc\"><strong>Ali<\/strong> (13.500 Empf\u00e4nger) <\/li>\n<li class=\"tspB9gc tspB9gc\"><strong>Christian<\/strong> (13.400 Empf\u00e4nger) <\/li>\n<li class=\"tspB9gc tspB9gc\"><strong>Mohammad<\/strong> (12.500 Empf\u00e4nger)<\/li>\n<li class=\"tspB9gc tspB9gc\"><strong>Anna<\/strong> (12.400 Empf\u00e4nger)<\/li>\n<li class=\"tspB9gc tspB9gc\"><strong>Oleksandr <\/strong>(12.000 Empf\u00e4nger)<\/li>\n<li class=\"tspB9gc tspB9gc\"><strong>Tetiana<\/strong> (11.400 Empf\u00e4nger) <\/li>\n<li class=\"tspB9gc tspB9gc\"><strong>Iryna <\/strong>(10.600 Empf\u00e4nger)<\/li>\n<\/ol>\n<p class=\"tspAPha\">(Stand: Juni 2025)<\/p>\n<p class=\"tspAPha\">Demnach hei\u00dfen <strong>19.200 Menschen im B\u00fcrgergeldbezug mit Vornamen Michael,<\/strong> <strong>16.200 hei\u00dfen Andreas und 15.700 Thomas.<\/strong> Auf Platz vier findet sich Daniel mit 14.800 Empf\u00e4ngern, Platz f\u00fcnf belegt der Name Olena mit 14.400, und es folgt Alexander mit 13.800.<\/p>\n<p class=\"tspUez\">Empfohlener redaktioneller Inhalt<\/p>\n<p> An dieser Stelle finden Sie einen von unseren Redakteuren ausgew\u00e4hlten, externen Inhalt, der den Artikel f\u00fcr Sie mit zus\u00e4tzlichen Informationen anreichert. Sie k\u00f6nnen sich hier den externen Inhalt mit einem Klick anzeigen lassen oder wieder ausblenden. <\/p>\n<p> Externen Inhalt anzeigen <\/p>\n<p class=\"tspUe5\"> Ich bin damit einverstanden, dass mir der externe Inhalt angezeigt wird. Damit k\u00f6nnen personenbezogene Daten an Drittplattformen \u00fcbermittelt werden.  Mehr Informationen dazu erhalten Sie in den Datenschutz-Einstellungen. Diese finden Sie ganz unten auf unserer Seite im Footer, sodass Sie Ihre Einstellungen jederzeit verwalten oder widerrufen k\u00f6nnen. <\/p>\n<p class=\"tspAPha\"><strong>Platz sieben geht an den Vornamen Ahmad (13.700),<\/strong> gefolgt von Ali (13.500) auf acht, dann kommt Christian (13.400) &#8211; und Platz zehn der h\u00e4ufigsten Vornamen belegt Mohammad (12.500). Die Statistik endet mit Anna (12.400), Oleksandr (12.000), Tetiana (11.400) und auf Platz 14 mit Iryna (10.600).<\/p>\n<p> AfD zielte wohl auf ethnische Herkunft ab <\/p>\n<p class=\"tspAPha\">Formal lautete die Frage: \u201eWas sind die 14 h\u00e4ufigsten Vornamen von Leistungsempf\u00e4ngern des B\u00fcrgergeldes gem\u00e4\u00df \u00a7 19 des Zweiten Buches Sozialgesetzbuch und wie viele Personen entfielen jeweils auf diese Vornamen zum Stichtag 31. Dezember 2024?\u201c <\/p>\n<p class=\"tspAPha\">Fragesteller war <strong>Raimond Scheirich<\/strong>, der in Rum\u00e4nien geborene AfD-Abgeordnete geh\u00f6rt dem Wirtschaftsausschuss des Bundestages an.<\/p>\n<p> Mehr zur AfD:  <a href=\"https:\/\/www.tagesspiegel.de\/politik\/um-gemassigtes-auftreten-bestrebt-afd-fraktion-plant-verhaltenskodex-fur-ihre-abgeordneten-13964807.html?icid=topic-list_13961312___\" data-gtm-class=\"article-mzt-link\" class=\"tspB6mv\" target=\"_blank\" rel=\"noopener\">\u201eUm gem\u00e4\u00dfigtes Auftreten bestrebt\u201c AfD-Fraktion plant Verhaltenskodex f\u00fcr ihre Abgeordneten <\/a><a href=\"https:\/\/www.tagesspiegel.de\/politik\/weidel-und-chrupalla-verdienen-jetzt-24000-euro-im-monat-so-spendierten-sich-die-afd-chefs-eine-saftige-gehaltserhohung-13949218.html?icid=topic-list_13961312___\" data-gtm-class=\"article-mzt-link\" class=\"tspB6mv\" target=\"_blank\" rel=\"noopener\">Weidel und Chrupalla verdienen jetzt 24.000 Euro im Monat So spendierten sich die AfD-Chefs eine saftige Gehaltserh\u00f6hung  <\/a><a href=\"https:\/\/www.tagesspiegel.de\/politik\/spd-will-afd-verbot-vorantreiben-gabriel-halt-plane-seiner-partei-fur-dumm-13945498.html?icid=topic-list_13961312___\" data-gtm-class=\"article-mzt-link\" class=\"tspB6mv\" target=\"_blank\" rel=\"noopener\">SPD will AfD-Verbot vorantreiben Gabriel h\u00e4lt Pl\u00e4ne seiner Partei f\u00fcr \u201edumm\u201c <\/a><\/p>\n<p class=\"tspAPha\">Die Frage der AfD zielt \u2013 \u00e4hnlich der <a href=\"https:\/\/www.tagesspiegel.de\/berlin\/nach-beschluss-des-verfassungsgerichts-berliner-senat-will-weiter-keine-vornamen-deutscher-messertater-nennen-13829125.html?icid=in-text-link_13961312\" class=\"link link--internal\" data-gtm-class=\"article-text-link\" data-gtm-val=\"internal\" target=\"_blank\" rel=\"noopener\">Frage nach den Vornamen bestimmter Tatverd\u00e4chtiger<\/a> \u2013 offenbar auf die ethnische Herkunft der B\u00fcrgergeld-Empf\u00e4nger. Die Partei beklagt regelm\u00e4\u00dfig, dass <strong>Menschen mit Migrationshintergrund stark vom B\u00fcrgergeldbezug abh\u00e4ngig sind.<\/strong> (AFP\/Tsp)<\/p>\n<p> Lesermeinungen zum Artikel <\/p>\n<p class=\"tspAPha\">\u201eDie Wahrnehmung der Blauw\u00e4hler endet leider an dem Punkt, an dem das B\u00fcrgergeld als <strong>Geldverschwendung <\/strong>an Migranten geframed ist und man die Abfrage der Vornamen als cleveren Move gegen das<strong> Gutmenschen-Establishment<\/strong> verkaufen kann. Das Ergebnis d\u00fcrfte in diesen Kreisen entweder angezweifelt oder totgeschwiegen werden. Alles, was die Blauen machen, hat <strong>Emotionen <\/strong>zum Ziel, nicht die Befassung mit <strong>Fakten <\/strong>und die Ableitung seri\u00f6ser Politik.\u201c Diskutieren Sie \u00fcber folgenden Link mit Community-User <a href=\"https:\/\/www.tagesspiegel.de\/politik\/afd-fragt-namen-von-burgergeldempfangern-ab-michael-andreas-und-thomas-fuhren-die-liste-der-haufigsten-vornamen-an-13961312.html?commentId=b8d3e41e-4f34-4b95-a566-6b5b1f84939d\" target=\"_blank\" rel=\"noopener\" class=\"link link--external\" data-gtm-class=\"article-text-link\" data-gtm-val=\"external\" aria-describedby=\"message-target-blank\"><strong>matthiasvau<\/strong><\/a><\/p>\n","protected":false},"excerpt":{"rendered":"Die h\u00e4ufigsten Vornamen von B\u00fcrgergeldempf\u00e4ngern in Deutschland lauten Michael, Andreas und Thomas. Dies geht aus einer Antwort des&hellip;\n","protected":false},"author":2,"featured_media":239422,"comment_status":"","ping_status":"","sticky":false,"template":"","format":"standard","meta":{"footnotes":""},"categories":[5],"tags":[186,384,13,14,15,12,10,8,9,11],"class_list":{"0":"post-239421","1":"post","2":"type-post","3":"status-publish","4":"format-standard","5":"has-post-thumbnail","7":"category-nachrichten","8":"tag-afd","9":"tag-buergergeld","10":"tag-headlines","11":"tag-nachrichten","12":"tag-news","13":"tag-schlagzeilen","14":"tag-top-news","15":"tag-top-meldungen","16":"tag-topmeldungen","17":"tag-topnews"},"share_on_mastodon":{"url":"https:\/\/pubeurope.com\/@de\/114790127517994000","error":""},"_links":{"self":[{"href":"https:\/\/www.europesays.com\/de\/wp-json\/wp\/v2\/posts\/239421","targetHints":{"allow":["GET"]}}],"collection":[{"href":"https:\/\/www.europesays.com\/de\/wp-json\/wp\/v2\/posts"}],"about":[{"href":"https:\/\/www.europesays.com\/de\/wp-json\/wp\/v2\/types\/post"}],"author":[{"embeddable":true,"href":"https:\/\/www.europesays.com\/de\/wp-json\/wp\/v2\/users\/2"}],"replies":[{"embeddable":true,"href":"https:\/\/www.europesays.com\/de\/wp-json\/wp\/v2\/comments?post=239421"}],"version-history":[{"count":0,"href":"https:\/\/www.europesays.com\/de\/wp-json\/wp\/v2\/posts\/239421\/revisions"}],"wp:featuredmedia":[{"embeddable":true,"href":"https:\/\/www.europesays.com\/de\/wp-json\/wp\/v2\/media\/239422"}],"wp:attachment":[{"href":"https:\/\/www.europesays.com\/de\/wp-json\/wp\/v2\/media?parent=239421"}],"wp:term":[{"taxonomy":"category","embeddable":true,"href":"https:\/\/www.europesays.com\/de\/wp-json\/wp\/v2\/categories?post=239421"},{"taxonomy":"post_tag","embeddable":true,"href":"https:\/\/www.europesays.com\/de\/wp-json\/wp\/v2\/tags?post=239421"}],"curies":[{"name":"wp","href":"https:\/\/api.w.org\/{rel}","templated":true}]}}