{"id":239445,"date":"2025-07-03T16:09:11","date_gmt":"2025-07-03T16:09:11","guid":{"rendered":"https:\/\/www.europesays.com\/de\/239445\/"},"modified":"2025-07-03T16:09:11","modified_gmt":"2025-07-03T16:09:11","slug":"fluege-von-karlsruhe-wegen-streiks-gestrichen-suedwest","status":"publish","type":"post","link":"https:\/\/www.europesays.com\/de\/239445\/","title":{"rendered":"Fl\u00fcge von Karlsruhe wegen Streiks gestrichen &#8211; S\u00fcdwest"},"content":{"rendered":"<p class=\"article-site__ressore | pb-400\">Fluglotsenstreik<\/p>\n<p class=\"article-site__topic article-site-plr | mb-1000\">\n<p>\t\t\t<strong><br \/>\n\t\t\t\t\t\t\t\t\t\t\t\t\tStatt nach Mallorca, Alicante oder Barcelona zu fliegen, m\u00fcssen Hunderte in Rheinm\u00fcnster ausharren oder zu Hause bleiben. Was Betroffene tun k\u00f6nnen.<br \/>\n\t\t\t\t\t\t\t<\/strong><br \/>\n\t\t\t\u00a0<\/p>\n<p>        Wir ben\u00f6tigen Ihre Zustimmung um BotTalk anzuzeigen<\/p>\n<p class=\"mb-400\">Unter Umst\u00e4nden sammelt BotTalk personenbezogene Daten f\u00fcr eigene Zwecke und verarbeitet diese in einem Land mit nach EU-Standards nicht ausreichenden Datenschutzniveau.<\/p>\n<p class=\"mb-900\">Durch Klick auf &#8222;Akzeptieren&#8220; geben Sie Ihre Einwilligung f\u00fcr die Daten\u00fcbermittlung, die Sie jederzeit \u00fcber Cookie-Einstellungen widerrufen k\u00f6nnen.<\/p>\n<p>        <a data-cmp-servicename=\"BotTalk\" href=\"#\" class=\"cmpButtonAccept btn | bg-primary-400 fc-neutral-100\">Akzeptieren<\/a><br \/>\n        <a href=\"#\" onclick=\"UC_UI.showSecondLayer(); return false;\" class=\"fs-300\">Mehr Informationen<\/a><\/p>\n<p>\t\t\t\t\t\t\t\t\t\t<img decoding=\"async\"  src=\"https:\/\/www.europesays.com\/de\/wp-content\/uploads\/2025\/07\/447514282-w-640.jpg\" title=\"Flugzeugtreppen f\u00fcr Passagiere stehen ...rlsruhe\/Baden-Baden an einem Rollfeld.  | Foto: Uli Deck (dpa)\" alt=\"Flugzeugtreppen f\u00fcr Passagiere stehen ...rlsruhe\/Baden-Baden an einem Rollfeld.  | Foto: Uli Deck (dpa)\" aria-labelledby=\"imgLabel1\" width=\"980\" height=\"653\" fetchpriority=\"high\" class=\"artImg artImg-as32\"\/><\/p>\n<p>\t\t\t\t\t\t\t\t\t\t\t\tFlugzeugtreppen f\u00fcr Passagiere stehen im Flughafen Karlsruhe\/Baden-Baden an einem Rollfeld.\t\t\t\t\t\t\t\t\t\t\t\tFoto: Uli\u00a0Deck\u00a0(dpa)\t\t\t\t\t\t\t\t\t\t\t<\/p>\n<p>Ein Fluglotsenstreik in Frankreich hat Folgen auch auf deutscher Seite. Am Flughafen Karlsruhe\/Baden-Baden wurden f\u00fcr Donnerstag und Freitag mehrere Verbindungen unter anderem nach Mallorca, Alicante und Barcelona gestrichen. Rund 2400 Flugg\u00e4ste sind laut Mitteilung betroffen. &#8222;M\u00f6glicherweise werden weitere Fl\u00fcge durch die mit dem Streik einhergehenden Engp\u00e4sse im franz\u00f6sischen Luftraum versp\u00e4tet oder gestrichen werden&#8220;, teilte der Baden-Airpark in Rheinm\u00fcnster mit.<\/p>\n<p>Er r\u00e4t Flugg\u00e4sten, die an den Streiktagen einen Flug geplant haben, zeitnah ihren Flugstatus bei der Fluggesellschaft zu pr\u00fcfen und sich direkt mit dieser in Verbindung zu setzen. &#8222;Umbuchungen im Streikfall k\u00f6nnen \u00fcber die Buchungsportale im Internet oder per App vorgenommen werden.&#8220;<\/p>\n<p>Die Gewerkschaften fordern das Anwerben von mehr Personal sowie eine bessere Bezahlung und protestieren gegen eine Reihe organisatorischer Ver\u00e4nderungen, insbesondere gegen eine Pr\u00e4senzkontrolle f\u00fcr die Fluglotsen in den Kontrollt\u00fcrmen. Wegen des Streiks ausgerechnet zum Start der Sommerferien im Nachbarland bat die Zivilluftfahrtbeh\u00f6rde DGAC die Fluggesellschaften, die Zahl ihrer Starts und Landungen ab Paris am Donnerstag um 25 Prozent und am Freitag um 40 Prozent zu reduzieren. In Nizza sollte jeder zweite Flug gestrichen werden. Einschr\u00e4nkungen waren auch in Lyon, Marseille, Ajaccio und Bastia geplant. Hunderttausende Flugreisende seien betroffen.<\/p>\n","protected":false},"excerpt":{"rendered":"Fluglotsenstreik Statt nach Mallorca, Alicante oder Barcelona zu fliegen, m\u00fcssen Hunderte in Rheinm\u00fcnster ausharren oder zu Hause bleiben.&hellip;\n","protected":false},"author":2,"featured_media":239446,"comment_status":"","ping_status":"","sticky":false,"template":"","format":"standard","meta":{"footnotes":""},"categories":[1844],"tags":[1634,3364,29,10499,74901,156,30,44311,8903,2459],"class_list":{"0":"post-239445","1":"post","2":"type-post","3":"status-publish","4":"format-standard","5":"has-post-thumbnail","7":"category-karlsruhe","8":"tag-baden-wuerttemberg","9":"tag-de","10":"tag-deutschland","11":"tag-fluege","12":"tag-fluglotsenstreik","13":"tag-frankreich","14":"tag-germany","15":"tag-gestrichen","16":"tag-karlsruhe","17":"tag-streiks"},"share_on_mastodon":{"url":"https:\/\/pubeurope.com\/@de\/114790174851059623","error":""},"_links":{"self":[{"href":"https:\/\/www.europesays.com\/de\/wp-json\/wp\/v2\/posts\/239445","targetHints":{"allow":["GET"]}}],"collection":[{"href":"https:\/\/www.europesays.com\/de\/wp-json\/wp\/v2\/posts"}],"about":[{"href":"https:\/\/www.europesays.com\/de\/wp-json\/wp\/v2\/types\/post"}],"author":[{"embeddable":true,"href":"https:\/\/www.europesays.com\/de\/wp-json\/wp\/v2\/users\/2"}],"replies":[{"embeddable":true,"href":"https:\/\/www.europesays.com\/de\/wp-json\/wp\/v2\/comments?post=239445"}],"version-history":[{"count":0,"href":"https:\/\/www.europesays.com\/de\/wp-json\/wp\/v2\/posts\/239445\/revisions"}],"wp:featuredmedia":[{"embeddable":true,"href":"https:\/\/www.europesays.com\/de\/wp-json\/wp\/v2\/media\/239446"}],"wp:attachment":[{"href":"https:\/\/www.europesays.com\/de\/wp-json\/wp\/v2\/media?parent=239445"}],"wp:term":[{"taxonomy":"category","embeddable":true,"href":"https:\/\/www.europesays.com\/de\/wp-json\/wp\/v2\/categories?post=239445"},{"taxonomy":"post_tag","embeddable":true,"href":"https:\/\/www.europesays.com\/de\/wp-json\/wp\/v2\/tags?post=239445"}],"curies":[{"name":"wp","href":"https:\/\/api.w.org\/{rel}","templated":true}]}}