{"id":239515,"date":"2025-07-03T16:47:14","date_gmt":"2025-07-03T16:47:14","guid":{"rendered":"https:\/\/www.europesays.com\/de\/239515\/"},"modified":"2025-07-03T16:47:14","modified_gmt":"2025-07-03T16:47:14","slug":"letztes-soziales-projekt-in-duesseldorf-unterbach","status":"publish","type":"post","link":"https:\/\/www.europesays.com\/de\/239515\/","title":{"rendered":"Letztes soziales Projekt in D\u00fcsseldorf-Unterbach"},"content":{"rendered":"<p class=\"text_ohne_einzug richtext text-em-55 !leading-serif mx-6 desktop:mx-0\"> Auch wenn die betagten Pferde und Ponys des Vereins Seniorpferde aktiv mit Kindern allesamt ruhig und gutm\u00fctig sind \u2013 eine Lektion mussten insbesondere die weiblichen Besucher, die im Rahmen des Projekts \u201eChance 18+\u201c einen Vormittag auf Gut Rodeberg verbrachten, bei ihrem ersten Pferdekontakt gleich zu Beginn lernen: Pferde sind Fluchttiere. Sie kurz anzutippen und dann quietschend davon zu springen, ist keine gute Idee. Auch die m\u00e4nnlichen Teilnehmer n\u00e4herten sich den Tieren zun\u00e4chst sehr zur\u00fcckhaltend. Entsprechend behutsam fand daher das Kennenlernen der Tiere statt.<\/p>\n<p class=\"richtext text-em-55 !leading-serif mx-6 desktop:mx-0\">Sobald die Ponys Empire, Monty, Tr\u00e4umer, Lou und Max dann aber zum Striegeln von den jungen Leuten von der Weide gef\u00fchrt werden durften, war die erste Scheu jedoch verflogen. Alle zehn Teilnehmerinnen und Teilnehmer waren mit Eifer dabei und lernten von den Ehrenamtlerinnen des Vereins, welche B\u00fcrsten man wof\u00fcr benutzt, schauten zu, wie aufwendig es ist, zw\u00f6lf Portionen spezielles Zusatzfutter f\u00fcr die vierbeinigen Senioren vorzubereiten, und durften dann mit den Tieren auf den F\u00fchr-Parcours. Eine wichtige Lektion hier: Bei der Mensch-Pferd-Kommunikation kommt es nicht auf Kraft an. Sie funktioniert vielmehr, wenn beide voll und ganz beieinander sind und einander vertrauen \u2013 und das Handy mal in der Hosentasche bleibt, damit sich der Zweibeiner voll auf sein Tier konzentrieren kann.<\/p>\n<p class=\"richtext text-em-55 !leading-serif mx-6 desktop:mx-0\">\u201eWer anf\u00e4nglich Ber\u00fchrungs\u00e4ngste mit den Tieren hatte, konnten diese komplett abbauen. Alle Teilnehmerinnen und Teilnehmer durften die Erfahrung machen \u2013 \u00e4hnlich wie bei ihrer Entscheidung zum Schulbesuch \u2013 dass sie Erfolg haben, wenn sie sich selbst etwas zutrauen\u201c, fasst Tania Galounis, die die jungen Leute bei Renatec, einem Besch\u00e4ftigungs- und Qualifizierungsunternehmen der Diakonie D\u00fcsseldorf, betreut, das Erlebnis mit den Pferden zusammen. Die Frauen und M\u00e4nner, mit denen sie Gut Rodeberg besuchte, stammen aus Afghanistan, Syrien, Mali, Somalia, der <a href=\"https:\/\/rp-online.de\/thema\/ukraine\/\" rel=\"nofollow noopener\" target=\"_blank\">Ukraine<\/a> und dem Irak, sind zwischen 19 und 27 Jahre alt und machen im Rahmen des Projekts \u201eChance 18+\u201c innerhalb eines Jahres ihren Hauptschulabschluss nach Klasse 9. Die Bildungsma\u00dfnahme richtet sich an junge Menschen mit Flucht- oder Migrationshintergrund und wird in Kooperation mit dem Leo-Statz-Berufskolleg in D\u00fcsseldorf realisiert. Neben Deutsch und den \u00fcblichen Schulf\u00e4chern stehen praktische T\u00e4tigkeiten in Projektarbeitsbereichen, Gruppen- und Jobcoaching sowie gelegentlich gemeinsame Ausfl\u00fcge auf dem Stundenplan.<\/p>\n<p class=\"richtext text-em-55 !leading-serif mx-6 desktop:mx-0\">\u201eDie Sch\u00fclerinnen und Sch\u00fcler haben viel durchlebt. Freizeitaktivit\u00e4ten und Selbstf\u00fcrsorge sind sie weitestgehend nicht gewohnt. Etwas so sch\u00f6nes und positiv Bewegendes wie hier mit den Pferden erleben und genie\u00dfen zu d\u00fcrfen, m\u00fcssen sie erst einmal lernen\u201c, sagt Galounis, die als Coach nicht nur bei Bewerbungen und Beh\u00f6rdeng\u00e4ngen hilft, sondern auch bei psychosozialen, famili\u00e4ren oder gesundheitlichen Problemen f\u00fcr die jungen Leute da ist.<\/p>\n<p class=\"richtext text-em-55 !leading-serif mx-6 desktop:mx-0\">Das hohe Alter der Seniorpferde (die meisten sind zwischen 25 und 30 Jahre, ein Pony ist bereits 36 und das \u00e4lteste 38 Jahre alt) und die F\u00fcrsorge f\u00fcr die Tiere, die fr\u00fcher als Reitschul- und Therapiepferde gearbeitet haben, hat alle zehn Besucherinnen und Besucher schwer beeindruckt. \u201eIn ihren Heimatl\u00e4ndern ist es \u00fcblich, betagten Menschen gro\u00dfen Respekt zu erweisen\u201c, so Galounis: \u201eEntsprechend ber\u00fchrt waren sie, dass die Pferde teilweise weitaus \u00e4lter als sie selbst sind und so intensiv und liebevoll gepflegt und versorgt werden und somit einen sch\u00f6nen und w\u00fcrdigen Lebensabend verbringen d\u00fcrfen.\u201c<\/p>\n<p class=\"richtext text-em-55 !leading-serif mx-6 desktop:mx-0\">In D\u00fcsseldorf wird dies das letzte soziale Projekt des Vereins Seniorpferde aktiv mit Kindern e.V. bleiben. Anfang August m\u00fcssen die Pferde \u2013 nach zum Teil 15 bis 20 Jahren auf Gut Rodeberg \u2013 umziehen. Ihr neues Zuhause wird der Buscherhof in Ratingen werden. Um auch dort \u00e4hnliche Aktionen durchf\u00fchren zu k\u00f6nnen, br\u00e4uchte der Verein eine Projektf\u00f6rderung wie vor zwei Jahren von der Postcode-Lotterie.<\/p>\n","protected":false},"excerpt":{"rendered":"Auch wenn die betagten Pferde und Ponys des Vereins Seniorpferde aktiv mit Kindern allesamt ruhig und gutm\u00fctig sind&hellip;\n","protected":false},"author":2,"featured_media":239516,"comment_status":"","ping_status":"","sticky":false,"template":"","format":"standard","meta":{"footnotes":""},"categories":[1831],"tags":[27946,21906,3364,29,3405,8036,74918,74921,30,1209,14934,5880,74917,74920,74916,74915,11232,74919,2631,26611,10434],"class_list":{"0":"post-239515","1":"post","2":"type-post","3":"status-publish","4":"format-standard","5":"has-post-thumbnail","7":"category-duesseldorf","8":"tag-aktiv","9":"tag-auszeit","10":"tag-de","11":"tag-deutschland","12":"tag-duesseldorf","13":"tag-flucht","14":"tag-fluchttiere","15":"tag-freizeitaktivitaeten","16":"tag-germany","17":"tag-nordrhein-westfalen","18":"tag-pferd","19":"tag-pferde","20":"tag-pferdekontakt","21":"tag-psychosozialen","22":"tag-rodeberg","23":"tag-seniorpferde","24":"tag-soziale","25":"tag-therapiepferde","26":"tag-tier","27":"tag-unterbach","28":"tag-verein"},"share_on_mastodon":{"url":"https:\/\/pubeurope.com\/@de\/114790324248161502","error":""},"_links":{"self":[{"href":"https:\/\/www.europesays.com\/de\/wp-json\/wp\/v2\/posts\/239515","targetHints":{"allow":["GET"]}}],"collection":[{"href":"https:\/\/www.europesays.com\/de\/wp-json\/wp\/v2\/posts"}],"about":[{"href":"https:\/\/www.europesays.com\/de\/wp-json\/wp\/v2\/types\/post"}],"author":[{"embeddable":true,"href":"https:\/\/www.europesays.com\/de\/wp-json\/wp\/v2\/users\/2"}],"replies":[{"embeddable":true,"href":"https:\/\/www.europesays.com\/de\/wp-json\/wp\/v2\/comments?post=239515"}],"version-history":[{"count":0,"href":"https:\/\/www.europesays.com\/de\/wp-json\/wp\/v2\/posts\/239515\/revisions"}],"wp:featuredmedia":[{"embeddable":true,"href":"https:\/\/www.europesays.com\/de\/wp-json\/wp\/v2\/media\/239516"}],"wp:attachment":[{"href":"https:\/\/www.europesays.com\/de\/wp-json\/wp\/v2\/media?parent=239515"}],"wp:term":[{"taxonomy":"category","embeddable":true,"href":"https:\/\/www.europesays.com\/de\/wp-json\/wp\/v2\/categories?post=239515"},{"taxonomy":"post_tag","embeddable":true,"href":"https:\/\/www.europesays.com\/de\/wp-json\/wp\/v2\/tags?post=239515"}],"curies":[{"name":"wp","href":"https:\/\/api.w.org\/{rel}","templated":true}]}}