{"id":239517,"date":"2025-07-03T16:48:21","date_gmt":"2025-07-03T16:48:21","guid":{"rendered":"https:\/\/www.europesays.com\/de\/239517\/"},"modified":"2025-07-03T16:48:21","modified_gmt":"2025-07-03T16:48:21","slug":"dieb-nutzte-stoersender-polizei-nimmt-26-jaehrigen-fest","status":"publish","type":"post","link":"https:\/\/www.europesays.com\/de\/239517\/","title":{"rendered":"Dieb nutzte St\u00f6rsender \u2013 Polizei nimmt 26-J\u00e4hrigen fest"},"content":{"rendered":"<p>Zugriff auf D\u00fcsseldorfer K\u00f6nigstra\u00dfe <\/p>\n<p>Dieb nutzte St\u00f6rsender \u2013 Polizei nimmt 26-J\u00e4hrigen fest<\/p>\n<p>03.07.2025 &#8211; 16:24 UhrLesedauer: 1 Min.<\/p>\n<p><a href=\"#focus-0\" class=\"transition-colors duration-200 focus-within:text-magenta block text-current relative\" data-sctrack=\"FocusGalleryImage.Reference\"><img fetchpriority=\"high\" data-testid=\"Opener.Image\" style=\"--lqipURL:url('https:\/\/images.t-online.de\/2025\/07\/uVwn8fptVJic\/0x106:2048x1152\/fit-in\/150x0\/filters:blur(25)\/die-berliner-polizei-hat-im-fall-des-toten-nach-einem-sturz-in-den-teltowkanal-einen-verdaechtigen-festgenommen-symbolfoto.jpg')\"   loading=\"eager\" src=\"https:\/\/www.europesays.com\/de\/wp-content\/uploads\/2025\/07\/die-berliner-polizei-hat-im-fall-des-toten-nach-einem-sturz-in-den-teltowkanal-einen-verdaechtigen-f.jpeg\" alt=\"Festnahme durch Polizei Berlin\" title=\"Festnahme durch Polizei Berlin\" width=\"2048\" height=\"1152\" class=\"bg-[url:var(--lqipURL)] bg-cover bg-center flex h-full w-full max-w-full\" decoding=\"async\"\/><img style=\"--width:32;--height:32\" loading=\"lazy\" src=\"https:\/\/www.t-online.de\/s\/paper\/_next\/static\/media\/zoom-in.f7dae02f.svg\" alt=\"Vergr\u00f6\u00dfern des Bildes\" title=\"Vergr\u00f6\u00dfern des Bildes\" class=\"block h-[calc(var(--height)_\/_16_*_1rem)] w-[calc(var(--width)_\/_16_*_1rem)] max-w-none absolute bottom-8 right-8 rounded-4 bg-snow p-8\" decoding=\"async\"\/><\/a><\/p>\n<p>Polizisten f\u00fchren einen Mann in Handschellen ab (Archivbild): St\u00f6rsender-Dieb nach Verfolgung gefasst. (Quelle: Monika Skolimowska\/dpa\/dpa-bilder)<\/p>\n<p class=\"font-bold text-18 leading-17\">Ein Autobesitzer beobachtet, wie ein Mann seine Tasche aus dem Wagen stiehlt. Zuf\u00e4llig ist die Polizei in der N\u00e4he und kann den T\u00e4ter stellen. Der Dieb hat einen speziellen St\u00f6rsender dabei.<\/p>\n<p class=\"text-18 leading-17\">Ein Mann hat in der D\u00fcsseldorfer Innenstadt eine Tasche aus einem Auto gestohlen und wurde kurz darauf festgenommen. Wie die Polizei mitteilte, ereignete sich der Vorfall am Mittwochnachmittag auf der K\u00f6nigsstra\u00dfe.<\/p>\n<p class=\"text-18 leading-17\">Eine Polizeistreife bemerkte demnach zwei M\u00e4nner, die \u00fcber den Gehweg rannten. Als die Beamten die Personen zum Anhalten aufforderten, lie\u00df einer der beiden eine Tasche fallen. Bei der anschlie\u00dfenden Kontrolle stellte sich heraus, dass es sich um Diebesgut handelte.<\/p>\n<p class=\"text-18 leading-17\">Zuvor hatte der Besitzer des Autos, aus dem die Tasche gestohlen wurde, auf der K\u00f6nigsstra\u00dfe geparkt und war dabei, ein Parkticket zu ziehen. Von hier beobachtete er, wie sich einer der M\u00e4nner Zugang zu seinem Wagen verschaffte und mit seiner Tasche fl\u00fcchtete. Der Bestohlene nahm die Verfolgung auf und traf dabei auf die Polizeibeamten.<\/p>\n<p class=\"text-18 leading-17\">Bei dem 26-j\u00e4hrigen Verd\u00e4chtigen fanden die Polizisten neben dem Diebesgut auch einen sogenannten &#8222;Jammer&#8220;. Dabei handelt es sich um einen St\u00f6rsender, der das Funksignal zwischen Fahrzeug und Schl\u00fcssel beim Verschlie\u00dfen blockieren kann. Der Tatverd\u00e4chtige soll in einem beschleunigten Verfahren einem Haftrichter vorgef\u00fchrt werden.<\/p>\n","protected":false},"excerpt":{"rendered":"Zugriff auf D\u00fcsseldorfer K\u00f6nigstra\u00dfe Dieb nutzte St\u00f6rsender \u2013 Polizei nimmt 26-J\u00e4hrigen fest 03.07.2025 &#8211; 16:24 UhrLesedauer: 1 Min.&hellip;\n","protected":false},"author":2,"featured_media":239518,"comment_status":"","ping_status":"","sticky":false,"template":"","format":"standard","meta":{"footnotes":""},"categories":[1831],"tags":[722,17161,513,3364,29,3405,30,6139,1209,176,121,32121],"class_list":{"0":"post-239517","1":"post","2":"type-post","3":"status-publish","4":"format-standard","5":"has-post-thumbnail","7":"category-duesseldorf","8":"tag-722","9":"tag-17161","10":"tag-auto","11":"tag-de","12":"tag-deutschland","13":"tag-duesseldorf","14":"tag-germany","15":"tag-koenigstrasse","16":"tag-nordrhein-westfalen","17":"tag-nrw","18":"tag-polizei","19":"tag-zugriff"},"share_on_mastodon":{"url":"https:\/\/pubeurope.com\/@de\/114790328268813398","error":""},"_links":{"self":[{"href":"https:\/\/www.europesays.com\/de\/wp-json\/wp\/v2\/posts\/239517","targetHints":{"allow":["GET"]}}],"collection":[{"href":"https:\/\/www.europesays.com\/de\/wp-json\/wp\/v2\/posts"}],"about":[{"href":"https:\/\/www.europesays.com\/de\/wp-json\/wp\/v2\/types\/post"}],"author":[{"embeddable":true,"href":"https:\/\/www.europesays.com\/de\/wp-json\/wp\/v2\/users\/2"}],"replies":[{"embeddable":true,"href":"https:\/\/www.europesays.com\/de\/wp-json\/wp\/v2\/comments?post=239517"}],"version-history":[{"count":0,"href":"https:\/\/www.europesays.com\/de\/wp-json\/wp\/v2\/posts\/239517\/revisions"}],"wp:featuredmedia":[{"embeddable":true,"href":"https:\/\/www.europesays.com\/de\/wp-json\/wp\/v2\/media\/239518"}],"wp:attachment":[{"href":"https:\/\/www.europesays.com\/de\/wp-json\/wp\/v2\/media?parent=239517"}],"wp:term":[{"taxonomy":"category","embeddable":true,"href":"https:\/\/www.europesays.com\/de\/wp-json\/wp\/v2\/categories?post=239517"},{"taxonomy":"post_tag","embeddable":true,"href":"https:\/\/www.europesays.com\/de\/wp-json\/wp\/v2\/tags?post=239517"}],"curies":[{"name":"wp","href":"https:\/\/api.w.org\/{rel}","templated":true}]}}