{"id":239561,"date":"2025-07-03T17:12:14","date_gmt":"2025-07-03T17:12:14","guid":{"rendered":"https:\/\/www.europesays.com\/de\/239561\/"},"modified":"2025-07-03T17:12:14","modified_gmt":"2025-07-03T17:12:14","slug":"fc-bayern-ex-bvb-talent-hendrik-bonmann-soll-fuers-tor-kommen","status":"publish","type":"post","link":"https:\/\/www.europesays.com\/de\/239561\/","title":{"rendered":"FC Bayern: Ex-BVB-Talent Hendrik Bonmann soll f\u00fcrs Tor kommen"},"content":{"rendered":"<p>Triplesieger mit Ludogorets\u00a0<\/p>\n<p>                                    <img decoding=\"async\" src=\"https:\/\/www.europesays.com\/de\/wp-content\/uploads\/2025\/07\/hendrik-bonmann-ludogorets-razgrad-2024-1751551743-171554.jpg\" title=\"FC Bayern: Ex-BVB-Talent Hendrik Bonmann soll f\u00fcrs Tor kommen\" alt=\"FC Bayern: Ex-BVB-Talent Hendrik Bonmann soll f\u00fcrs Tor kommen\"\/><\/p>\n<p>\n                                       \u00a9IMAGO\n                                    <\/p>\n<p>W\u00e4hrend <a href=\"https:\/\/www.transfermarkt.de\/daniel-peretz\/profil\/spieler\/468539\" target=\"_blank\" rel=\"noopener\">Daniel Peretz<\/a> (24) noch nach dem richtigen n\u00e4chsten Schritt Ausschau h\u00e4lt, ist der <a title=\"FC Bayern M\u00fcnchen\" href=\"https:\/\/www.transfermarkt.de\/fc-bayern-munchen\/startseite\/verein\/27\" target=\"_blank\" rel=\"noopener\">FC Bayern<\/a> schon auf der Suche nach einem Ersatz als Back-up zwischen den Pfosten. Dabei ist das ehemalige <a title=\"Borussia Dortmund\" href=\"https:\/\/www.transfermarkt.de\/borussia-dortmund\/startseite\/verein\/16\" target=\"_blank\" rel=\"noopener\">BVB<\/a>-Talent <a title=\"Hendrik Bonmann\" href=\"https:\/\/www.transfermarkt.de\/hendrik-bonmann\/profil\/spieler\/104220\" target=\"_blank\" rel=\"noopener\">Hendrik Bonmann<\/a> in den Fokus der M\u00fcnchner ger\u00fcckt.<\/p>\n<p>\n    <a class=\"bbcodesLink\" href=\"https:\/\/www.transfermarkt.de\/hendrik-bonmann-zu-fc-bayern-munchen-\/thread\/forum\/154\/thread_id\/1085151\" target=\"_blank\" rel=\"noopener\"><\/p>\n<tr>\n<p>                        Ger\u00fccht<\/p>\n<\/tr>\n<tr class=\"contentzeile\">\n<td class=\"spielerbild\" rowspan=\"2\">\n                        <img decoding=\"async\" src=\"https:\/\/www.europesays.com\/de\/wp-content\/uploads\/2025\/07\/104220-1720983701.png\" title=\"Hendrik Bonmann\" alt=\"Hendrik Bonmann\" class=\"\"\/>                    <\/td>\n<td class=\"spielername\">\n                        <a title=\"Hendrik Bonmann\" href=\"https:\/\/www.transfermarkt.de\/hendrik-bonmann\/profil\/spieler\/104220\" target=\"_blank\" rel=\"noopener\">H. Bonmann<\/a>                    <\/td>\n<td class=\"vereinswappen\" rowspan=\"2\">\n                        <img decoding=\"async\" src=\"https:\/\/www.europesays.com\/de\/wp-content\/uploads\/2025\/07\/31614.png\" title=\"Ludogorets Razgrad\" alt=\"Ludogorets Razgrad\" class=\"\"\/>                    <\/td>\n<td class=\"c2action\" rowspan=\"2\"><\/td>\n<\/tr>\n<tr class=\"contentzeile\">\n<td class=\"position\">\n                        Torwart                    <\/td>\n<\/tr>\n<tr class=\"contentZeileSpielerGK\">\n<td colspan=\"4\">\n<tr>\n<td class=\"vereinsname\">\n                                    Ludogorets                                <\/td>\n<td class=\"vereinswappen\" rowspan=\"2\">\n                                    <img decoding=\"async\" src=\"https:\/\/www.europesays.com\/de\/wp-content\/uploads\/2025\/07\/31614.png\" title=\"Ludogorets Razgrad\" alt=\"Ludogorets Razgrad\" class=\"\"\/>                                <\/td>\n<td class=\"wahrscheinlichkeit-auf\" rowspan=\"2\">\n<p>\u00a0<\/p>\n<p>                                        28                                        %\n                                                                        <\/td>\n<td class=\"vereinswappen\" rowspan=\"2\">\n                                    <img decoding=\"async\" src=\"https:\/\/www.europesays.com\/de\/wp-content\/uploads\/2025\/04\/27.png\" title=\"FC Bayern M\u00fcnchen\" alt=\"FC Bayern M\u00fcnchen\" class=\"\"\/>                                <\/td>\n<td class=\"vereinsname\">\n                                    Bayern M\u00fcnchen                                <\/td>\n<\/tr>\n<tr>\n<td>\n                                    efbet Liga                                <\/td>\n<td>\n                                    Bundesliga                                <\/td>\n<\/tr>\n<\/td>\n<\/tr>\n<p>    <\/a>\n<\/p>\n<p>Der 31-J\u00e4hrige steht beim bulgarischen Serienmeister <a title=\"Ludogorets Razgrad\" href=\"https:\/\/www.transfermarkt.de\/pfk-ludogorets-razgrad\/startseite\/verein\/31614\" target=\"_blank\" rel=\"noopener\">Ludogorets Razgrad<\/a> noch bis 2027 unter Vertrag. Wie unter anderem die \u201e<a href=\"https:\/\/x.com\/cfbayern\/status\/1940764231395058174\" target=\"_blank\">Bild<\/a>\u201c berichtet, sind bereits Verhandlungen zwischen den Vereinen im Gange. Es soll sogar schon ein erstes Angebot des FC Bayern gegeben haben.<\/p>\n<p><\/p>\n<p>Bonmann kennt die Rolle als Back-up bei einem Top-Klub bereits vom Start seiner Profikarriere, als er von 2013 bis 2017 in Dortmund aktiv war. \u00dcber <a title=\"TSV 1860 M\u00fcnchen\" href=\"https:\/\/www.transfermarkt.de\/tsv-1860-munchen\/startseite\/verein\/72\" target=\"_blank\" rel=\"noopener\">1860 M\u00fcnchen<\/a> und die <a title=\"W\u00fcrzburger Kickers\" href=\"https:\/\/www.transfermarkt.de\/wurzburger-kickers\/startseite\/verein\/1557\" target=\"_blank\" rel=\"noopener\">W\u00fcrzburger Kickers<\/a> wechselte Bonmann 2022 ins Ausland nach \u00d6sterreich zum <a title=\"Wolfsberger AC\" href=\"https:\/\/www.transfermarkt.de\/wolfsberger-ac\/startseite\/verein\/4441\" target=\"_blank\" rel=\"noopener\">Wolfsberger AC<\/a>, wo er erstmals in einer 1. Liga zur Stammkraft avancierte.<\/p>\n<p><a href=\"https:\/\/www.transfermarkt.de\/fc-bayern-munchen\/detail\/forum\/10\" target=\"_blank\" rel=\"noopener\"><br \/>\n    <img loading=\"lazy\" decoding=\"async\" class=\"innews\" src=\"https:\/\/www.europesays.com\/de\/wp-content\/uploads\/2025\/05\/fc-bayern-forum-innews-banner-community-1717489823-138379.jpg\" alt=\"\" width=\"503\" height=\"148\"\/><\/p>\n<p><\/a><\/p>\n<p>Im vergangenen Sommer ging es zu Ludogorets, wo sich Bonmann im engen Zweikampf mit <a title=\"Sergio Padt\" href=\"https:\/\/www.transfermarkt.de\/sergio-padt\/profil\/spieler\/79573\" target=\"_blank\" rel=\"noopener\">Sergio Padt<\/a> (35) im Tor immer wieder abwechselte. In 27 Partien blieb der Deutsche 14-mal ohne Gegentreffer. Mit Ludogorets gewann er nicht nur seinen ersten Meistertitel, sondern gleich das nationale Triple. In der <a title=\"UEFA Europa League\" href=\"https:\/\/www.transfermarkt.de\/europa-league\/startseite\/pokalwettbewerb\/EL\" target=\"_blank\" rel=\"noopener\">Europa League<\/a> sammelte Bonmann zudem weitere internationale Erfahrung.\u00a0Seinen Marktwert steigerte er um 200.000 auf 500.000 Euro \u2013 Karriereh\u00f6chstwert.<\/p>\n<p><\/p>\n","protected":false},"excerpt":{"rendered":"Triplesieger mit Ludogorets\u00a0 \u00a9IMAGO W\u00e4hrend Daniel Peretz (24) noch nach dem richtigen n\u00e4chsten Schritt Ausschau h\u00e4lt, ist der&hellip;\n","protected":false},"author":2,"featured_media":239562,"comment_status":"","ping_status":"","sticky":false,"template":"","format":"standard","meta":{"footnotes":""},"categories":[136],"tags":[299,29,74925,458,30,74927,74926,265],"class_list":{"0":"post-239561","1":"post","2":"type-post","3":"status-publish","4":"format-standard","5":"has-post-thumbnail","7":"category-sport","8":"tag-bundesliga","9":"tag-deutschland","10":"tag-efbet-liga","11":"tag-fc-bayern-muenchen","12":"tag-germany","13":"tag-hendrik-bonmann","14":"tag-ludogorets-razgrad","15":"tag-sport"},"share_on_mastodon":{"url":"https:\/\/pubeurope.com\/@de\/114790422757601148","error":""},"_links":{"self":[{"href":"https:\/\/www.europesays.com\/de\/wp-json\/wp\/v2\/posts\/239561","targetHints":{"allow":["GET"]}}],"collection":[{"href":"https:\/\/www.europesays.com\/de\/wp-json\/wp\/v2\/posts"}],"about":[{"href":"https:\/\/www.europesays.com\/de\/wp-json\/wp\/v2\/types\/post"}],"author":[{"embeddable":true,"href":"https:\/\/www.europesays.com\/de\/wp-json\/wp\/v2\/users\/2"}],"replies":[{"embeddable":true,"href":"https:\/\/www.europesays.com\/de\/wp-json\/wp\/v2\/comments?post=239561"}],"version-history":[{"count":0,"href":"https:\/\/www.europesays.com\/de\/wp-json\/wp\/v2\/posts\/239561\/revisions"}],"wp:featuredmedia":[{"embeddable":true,"href":"https:\/\/www.europesays.com\/de\/wp-json\/wp\/v2\/media\/239562"}],"wp:attachment":[{"href":"https:\/\/www.europesays.com\/de\/wp-json\/wp\/v2\/media?parent=239561"}],"wp:term":[{"taxonomy":"category","embeddable":true,"href":"https:\/\/www.europesays.com\/de\/wp-json\/wp\/v2\/categories?post=239561"},{"taxonomy":"post_tag","embeddable":true,"href":"https:\/\/www.europesays.com\/de\/wp-json\/wp\/v2\/tags?post=239561"}],"curies":[{"name":"wp","href":"https:\/\/api.w.org\/{rel}","templated":true}]}}