{"id":239575,"date":"2025-07-03T17:19:10","date_gmt":"2025-07-03T17:19:10","guid":{"rendered":"https:\/\/www.europesays.com\/de\/239575\/"},"modified":"2025-07-03T17:19:10","modified_gmt":"2025-07-03T17:19:10","slug":"tsv-allershausen-bietet-padel-tennis-auch-in-der-halle-an","status":"publish","type":"post","link":"https:\/\/www.europesays.com\/de\/239575\/","title":{"rendered":"TSV Allershausen bietet Padel-Tennis auch in der Halle an"},"content":{"rendered":"<ol class=\"id-DonaldBreadcrumb lp_west_breadcrumb id-DonaldBreadcrumb--default\" data-k5a-pos=\"west_breadcrumb\">\n<li class=\"id-Breadcrumb-item\"><a href=\"https:\/\/www.merkur.de\/\" class=\"id-Breadcrumb-link\" data-id-ec=\"{\" shn=\"\" textlink=\"\" data-k5a-pos=\"1_startseite\" rel=\"nofollow noopener\" target=\"_blank\">Startseite<\/a><\/li>\n<li class=\"id-Breadcrumb-item\"><a href=\"https:\/\/www.merkur.de\/lokales\/\" class=\"id-Breadcrumb-link\" data-id-ec=\"{\" shn=\"\" textlink=\"\" data-k5a-pos=\"2_lokales\" rel=\"nofollow noopener\" target=\"_blank\">Lokales<\/a><\/li>\n<li class=\"id-Breadcrumb-item\"><a href=\"https:\/\/www.merkur.de\/lokales\/freising\/\" class=\"id-Breadcrumb-link\" data-id-ec=\"{\" shn=\"\" textlink=\"\" data-k5a-pos=\"3_freising\" rel=\"nofollow noopener\" target=\"_blank\">Freising<\/a><\/li>\n<li class=\"id-Breadcrumb-item\"><a href=\"https:\/\/www.merkur.de\/lokales\/freising\/allershausen-ort28137\/\" class=\"id-Breadcrumb-link\" data-id-ec=\"{\" shn=\"\" textlink=\"\" data-k5a-pos=\"4_allershausen\" rel=\"nofollow noopener\" target=\"_blank\">Allershausen<\/a><\/li>\n<\/ol>\n<p class=\"id-Story-timestamp id-Story-timestamp--default\">Stand: 03.07.2025, 19:00 Uhr<\/p>\n<p class=\"id-Story-authors id-Story-authors--default\">Von: <a class=\"id-Story-authors-link lp_west_author\" href=\"https:\/\/www.merkur.de\/autor\/nico-bauer-zdtj3ds0q.html\" title=\"Zur Autorenseite von Nico Bauer\" data-id-ec=\"{\" shn=\"\" author-link=\"\" bauer=\"\" data-k5a-pos=\"west_author\" rel=\"nofollow noopener\" target=\"_blank\">Nico Bauer<\/a><\/p>\n<p class=\"id-Story-interactionBar id-Story-interactionBar--default\">DruckenTeilen<\/p>\n<p><img decoding=\"async\" class=\"id-RatioPlaceholder-element wv_story_el_image\" src=\"https:\/\/www.europesays.com\/de\/wp-content\/uploads\/2025\/07\/38822029-gespannt-verfolgte-tsv-vorsitzender-dennis-henning-wie-das-dach-der-neuen-padel-tennis-hall.jpeg\" loading=\"eager\" fetchpriority=\"high\"   height=\"619\" width=\"1100\" alt=\"Gespannt verfolgte TSV-Vorsitzender Dennis Henning, wie das Dach der neuen Padel-Tennis-Halle &#x201E;einschwebt&#x201C;.\"\/>Gespannt verfolgte TSV-Vorsitzender Dennis Henning, wie das Dach der neuen Padel-Tennis-Halle \u201eeinschwebt\u201c. \u00a9\u00a0Bauer<\/p>\n<p class=\"id-StoryElement-leadText\">Die Padel-Tennis-Halle in Allershausen steht. Der TSV ist sich sicher, dass die Anlage auch f\u00fcr Sportler aus dem Umland attraktiv ist \u2013 was dem Verein finanziell zugute kommen w\u00fcrde.<\/p>\n<p class=\"id-StoryElement-paragraph\"><strong>Allershausen <\/strong>\u2013 Es waren spektakul\u00e4re Momente, als ein XXL-Schwerlastkran am Allershausener Sportgel\u00e4nde die beiden Rundd\u00e4cher der k\u00fcnftigen Padel-Tennis-Anlage zum Schweben brachte. Mittlerweile steht die Halle, und auch die ersten Testmatches wurden gespielt. Damit ist alles bereit f\u00fcr ein erstes in Allershausen angesetztes Turnier am 13. Juli. Die offizielle Er\u00f6ffnung der Anlage soll am 30. August erfolgen.<\/p>\n<p class=\"id-StoryElement-paragraph\">Das Interesse an der Trendsportart Padel-Tennis, einer Mischung aus Tennis und Squash, ist riesengro\u00df. Es gibt viele Vereine, die \u00fcber Pl\u00e4tze nachdenken oder bereits welche bauen. Der TSV Allershausen war im Landkreis Vorreiter mit zwei mobilen Pl\u00e4tzen, und nun hat man den ganz gro\u00dfen Wurf geschafft: F\u00fcr die Investition von knapp 400\u2006000 Euro hat der Verein an der Gegengerade des zweiten Sportplatzes die schmucke Halle hingestellt \u2013 mit zwei Pl\u00e4tzen sowie einem gro\u00dfz\u00fcgigen Aufenthaltsbereich in der Mitte zwischen den Courts. Der Teil der mobilen Au\u00dfenanlage wurde nun auch beim Innenausbau der Halle verwendet, w\u00e4hrend einer der beiden Au\u00dfenpl\u00e4tze auch k\u00fcnftig als drittes Spielfeld bestehen bleibt. Damit kann die Weitsprunggrube nun wieder vollst\u00e4ndig von den Leichtathleten genutzt werden.<\/p>\n<p class=\"id-StoryElement-paragraph\">Der TSV-Vorsitzende Dennis Henning ist selbst begeisterter Padel-Tennis-Spieler und sieht f\u00fcr den Verein die M\u00f6glichkeit, \u00fcber die neue Mega-Anlage attraktiv f\u00fcr neue Mitglieder werden zu k\u00f6nnen. In Allershausen sollen auch Mannschaften des Vereins f\u00fcr den heuer startenden Padel-Spielbetrieb gemeldet werden. Dazu kommt, dass M\u00fcnchner Vereine ihre Spiele in Allershausen austragen wollen. Den Standort hat man bewusst so gew\u00e4hlt, damit Spieler von ausw\u00e4rts direkt neben der Halle parken k\u00f6nnen und die Spielfelder erreichen, ohne das gesamte Sportgel\u00e4nde ablaufen zu m\u00fcssen.<\/p>\n<p class=\"id-StoryElement-paragraph\">Die G\u00e4ste, die diese Pl\u00e4tze mieten, sind ein wesentlicher Eckpfeiler der Finanzierung. Die knapp 400\u2009000 Euro Kosten teilen sich auf in 120\u2009000 Euro Zusch\u00fcsse, 200\u2006000 Euro zinslose Darlehen und Eigenleistungen der Vereinsmitglieder. \u00dcber die Vermietungen der drei Pl\u00e4tze soll sich das Projekt in den kommenden Jahren finanzieren. Dennis Henning ist sehr zuversichtlich, dass man mit der ganzj\u00e4hrig bespielbaren Padel-Halle hohe Auslastungszahlen bekommen werde. In M\u00fcnchen gibt es viele Spieler und interessierte, die kaum Spielorte haben. Allershausen ist \u00fcber die Autobahn auch gut erreichbar.<\/p>\n<p class=\"id-StoryElement-paragraph\">\u201eBei uns geht derzeit richtig viel voran im Verein\u201c, sagt Henning. Gut ein Jahr nach dem verheerenden Hochwasser wurden die Kabinen der Fu\u00dfballer unter dem Sportheim erneuert. Diese Ma\u00dfnahme hatte man schon vor der Flut im Hinterkopf. Eine weitere Neuerung ist der vom Verein angeschaffte Bewirtungswagen. Dieser enth\u00e4lt neben einem Ausschank Biergarnituren, die bei Festivit\u00e4ten des Vereins genutzt und an Mitglieder f\u00fcr gr\u00f6\u00dfere Feste verliehen werden. <\/p>\n","protected":false},"excerpt":{"rendered":"Startseite Lokales Freising Allershausen Stand: 03.07.2025, 19:00 Uhr Von: Nico Bauer DruckenTeilen Gespannt verfolgte TSV-Vorsitzender Dennis Henning, wie&hellip;\n","protected":false},"author":2,"featured_media":239576,"comment_status":"","ping_status":"","sticky":false,"template":"","format":"standard","meta":{"footnotes":""},"categories":[1860],"tags":[3364,29,548,663,3934,30,4062,17332,13,14,15,17331,860,12],"class_list":{"0":"post-239575","1":"post","2":"type-post","3":"status-publish","4":"format-standard","5":"has-post-thumbnail","7":"category-halle-saale","8":"tag-de","9":"tag-deutschland","10":"tag-eu","11":"tag-europa","12":"tag-europe","13":"tag-germany","14":"tag-halle","15":"tag-halle-saale","16":"tag-headlines","17":"tag-nachrichten","18":"tag-news","19":"tag-saale","20":"tag-sachsen-anhalt","21":"tag-schlagzeilen"},"share_on_mastodon":{"url":"https:\/\/pubeurope.com\/@de\/114790450147245779","error":""},"_links":{"self":[{"href":"https:\/\/www.europesays.com\/de\/wp-json\/wp\/v2\/posts\/239575","targetHints":{"allow":["GET"]}}],"collection":[{"href":"https:\/\/www.europesays.com\/de\/wp-json\/wp\/v2\/posts"}],"about":[{"href":"https:\/\/www.europesays.com\/de\/wp-json\/wp\/v2\/types\/post"}],"author":[{"embeddable":true,"href":"https:\/\/www.europesays.com\/de\/wp-json\/wp\/v2\/users\/2"}],"replies":[{"embeddable":true,"href":"https:\/\/www.europesays.com\/de\/wp-json\/wp\/v2\/comments?post=239575"}],"version-history":[{"count":0,"href":"https:\/\/www.europesays.com\/de\/wp-json\/wp\/v2\/posts\/239575\/revisions"}],"wp:featuredmedia":[{"embeddable":true,"href":"https:\/\/www.europesays.com\/de\/wp-json\/wp\/v2\/media\/239576"}],"wp:attachment":[{"href":"https:\/\/www.europesays.com\/de\/wp-json\/wp\/v2\/media?parent=239575"}],"wp:term":[{"taxonomy":"category","embeddable":true,"href":"https:\/\/www.europesays.com\/de\/wp-json\/wp\/v2\/categories?post=239575"},{"taxonomy":"post_tag","embeddable":true,"href":"https:\/\/www.europesays.com\/de\/wp-json\/wp\/v2\/tags?post=239575"}],"curies":[{"name":"wp","href":"https:\/\/api.w.org\/{rel}","templated":true}]}}