{"id":239721,"date":"2025-07-03T18:36:17","date_gmt":"2025-07-03T18:36:17","guid":{"rendered":"https:\/\/www.europesays.com\/de\/239721\/"},"modified":"2025-07-03T18:36:17","modified_gmt":"2025-07-03T18:36:17","slug":"gaza-ghf-dementiert-berichte-ueber-tote-an-verteilzentren","status":"publish","type":"post","link":"https:\/\/www.europesays.com\/de\/239721\/","title":{"rendered":"Gaza: GHF dementiert Berichte \u00fcber Tote an Verteilzentren"},"content":{"rendered":"<p class=\"metatextline\">Stand: 03.07.2025 16:57 Uhr<\/p>\n<p class=\"textabsatz columns twelve  m-ten  m-offset-one l-eight l-offset-two\">\n        <strong>Die von Israel und den USA unterst\u00fctze Hilfsorganisation GHF hat j\u00fcngste Berichte \u00fcber Tote an Verteilstellen im Gazastreifen zur\u00fcckgewiesen. Entsprechende Angaben der Nachrichtenagentur AP nannte sie &#8222;kategorisch falsch&#8220;.<\/strong>\n    <\/p>\n<p class=\"textabsatz m-ten m-offset-one l-eight l-offset-two columns twelve\">\nDie im Gazastreifen t\u00e4tige Hilfsorganisation <a href=\"https:\/\/www.tagesschau.de\/ausland\/europa\/ghf-gaza-organisation-100.html\" title=\"Gaza Humanitarian Foundation - was steckt hinter der Stiftung?\" target=\"_blank\" rel=\"noopener\">Gaza Humanitarian Foundation<\/a> (GHF) hat j\u00fcngste Berichte \u00fcber zahlreiche Tote an Hilfsg\u00fcter-Verteilungsstellen strikt zur\u00fcckgewiesen.<\/p>\n<p class=\"textabsatz m-ten m-offset-one l-eight l-offset-two columns twelve\">\nAuf der Plattform X schrieb die GHF, sie habe nach Bekanntwerden der Vorw\u00fcrfe Untersuchungen eingeleitet: &#8222;Basierend auf zeitgestempeltem Videomaterial und eidesstattlichen Zeugenaussagen sind wir zu dem Schluss gekommen, dass die Behauptungen im AP-Artikel kategorisch falsch sind.&#8220; Zivilisten seien zu keinem Zeitpunkt an einem GHF-Verteilungsort beschossen worden.<\/p>\n<p class=\"textabsatz m-ten m-offset-one l-eight l-offset-two columns twelve\">\nDie Nachrichtenagentur AP hatte zuvor gemeldet, es seien 45 Personen im Gazastreifen get\u00f6tet worden, als die auf Hilfslieferungen warteten.<\/p>\n<p>    GHF kritisiert AP f\u00fcr Nichtherausgabe von Video<\/p>\n<p class=\"textabsatz m-ten m-offset-one l-eight l-offset-two columns twelve\">\nSch\u00fcsse, die laut GHF in Videoaufnahmen des Geschehens zu h\u00f6ren gewesen waren, stammten laut der Hilfsorganisation zwar von Angeh\u00f6rigen der israelischen Armee. Die aber h\u00e4tten sich &#8222;au\u00dferhalb der unmittelbaren N\u00e4he des GHF-Verteilungsorts&#8220; befunden. &#8222;Sie richteten sich nicht gegen Einzelpersonen, und niemand wurde angeschossen oder verletzt.&#8220;<\/p>\n<p class=\"textabsatz m-ten m-offset-one l-eight l-offset-two columns twelve\">\nDie GHF kritisiert AP, ihr trotz der Schwere der Vorw\u00fcrfe das vollst\u00e4ndige Video vor der Ver\u00f6ffentlichung nicht zur Verf\u00fcgung gestellt zu haben. &#8222;Wenn sie ihrer eigenen Berichterstattung Glauben schenkten, h\u00e4tten sie uns das Material zur Verf\u00fcgung stellen m\u00fcssen, damit wir sofort und angemessen handeln konnten&#8220;, so die Hilfsorganisation weiter.<\/p>\n<p class=\"textabsatz m-ten m-offset-one l-eight l-offset-two columns twelve\">\nDie GHF bezichtigt zudem einen &#8222;ver\u00e4rgerter ehemaliger Auftragnehmer&#8220; der Hilfsorganisation, Hauptquelle des Artikels gewesen zu sein. Er sei vor Wochen wegen Fehlverhaltens gek\u00fcndigt worden.<\/p>\n<p>    Immer wieder Berichte \u00fcber Tote an Verteilzentren<\/p>\n<p class=\"textabsatz m-ten m-offset-one l-eight l-offset-two columns twelve\">\nSeit die <a href=\"https:\/\/www.tagesschau.de\/ausland\/asien\/gaza-hilfsgueter-verteilung-102.html\" title=\"Stiftung startet umstrittene Verteilung von Hilfsg\u00fctern im Gazastreifen\" target=\"_blank\" rel=\"noopener\">GHF Ende Mai ihre Verteilzentren im Gazastreifen er\u00f6ffnet hatte<\/a>, gibt es fast t\u00e4glich Berichte von pal\u00e4stinensischer Seite, nach denen Menschen, die beim Anstehen und Warten auf <a href=\"https:\/\/www.tagesschau.de\/ausland\/asien\/gaza-verteilzentrum-102.html\" title=\"Gazastreifen: Pal\u00e4stinenser berichten von Toten bei Verteilzentrum\" target=\"_blank\" rel=\"noopener\">Hilfsg\u00fcter von israelischem Milit\u00e4r erschossen werden<\/a>. Die Armee hat solche Vorw\u00fcrfe in der Regel zur\u00fcckgewiesen.<\/p>\n<p class=\"textabsatz m-ten m-offset-one l-eight l-offset-two columns twelve\">\nAP hatte zuvor Angaben des von der Terrormiliz Hamas kontrollierten Gesundheitsministeriums best\u00e4tigt, nach denen bei Angriffen zwischen Mittwochabend und Donnerstagmorgen 94 Menschen im Gazastreifen get\u00f6tet worden seien. Die meisten durch israelische Luftangriffe. Laut der AP hatten Krankenh\u00e4user die Angaben best\u00e4tigt.<\/p>\n<p class=\"textabsatz m-ten m-offset-one l-eight l-offset-two columns twelve\">\nDem Bericht zufolge sollen auch Menschen get\u00f6tet worden sein, die auf Hilfslieferungen warteten. Allein dabei habe es 45 Tote gegeben, hie\u00df es. Demnach kamen f\u00fcnf Menschen in der N\u00e4he von Verteilungsstellen der GHF ums Leben, die von den USA und Israel unterst\u00fctzt wird. Weitere 40 Menschen sollen get\u00f6tet worden sein, w\u00e4hrend sie in verschiedenen Teilen des Gazastreifens auf Lastwagen mit Hilfsg\u00fctern warteten.<\/p>\n<p>    Israel: 150 Ziele angegriffen<\/p>\n<p class=\"textabsatz m-ten m-offset-one l-eight l-offset-two columns twelve\">\nIsraels Armee teilte unterdessen mit, die Luftwaffe habe am Mittwoch rund 150 Ziele im gesamten Gazastreifen angegriffen, darunter Mitglieder von Terrororganisationen und deren Tunnel. Das israelische Milit\u00e4r habe zudem nach einem Raketenangriff auf Israel am Mittwoch die Verantwortlichen im Gazastreifen bei einem Luftangriff get\u00f6tet.<\/p>\n<p>Konfliktparteien als Quelle<\/p>\n<p>            Angaben zu\u00a0Kriegsverlauf, Beschuss und Opfern durch Konfliktparteien k\u00f6nnen\u00a0in der aktuellen Lage zum Teil nicht unmittelbar von unabh\u00e4ngiger Stelle \u00fcberpr\u00fcft werden.<\/p>\n<p class=\"textabsatz m-ten m-offset-one l-eight l-offset-two columns twelve\">\nDer Krieg im Gazastreifen war durch den brutalen Gro\u00dfangriff der Hamas auf Israel am 7. Oktober 2023 ausgel\u00f6st worden, bei dem nach israelischen Angaben rund 1.200 Menschen get\u00f6tet und mehr als 250 als Geiseln nach Gaza verschleppt wurden.<\/p>\n","protected":false},"excerpt":{"rendered":"Stand: 03.07.2025 16:57 Uhr Die von Israel und den USA unterst\u00fctze Hilfsorganisation GHF hat j\u00fcngste Berichte \u00fcber Tote&hellip;\n","protected":false},"author":2,"featured_media":239722,"comment_status":"","ping_status":"","sticky":false,"template":"","format":"standard","meta":{"footnotes":""},"categories":[3],"tags":[738,13,14,6000,15,12,10,8,9,11,103,104],"class_list":{"0":"post-239721","1":"post","2":"type-post","3":"status-publish","4":"format-standard","5":"has-post-thumbnail","7":"category-welt","8":"tag-gazastreifen","9":"tag-headlines","10":"tag-nachrichten","11":"tag-nahost","12":"tag-news","13":"tag-schlagzeilen","14":"tag-top-news","15":"tag-top-meldungen","16":"tag-topmeldungen","17":"tag-topnews","18":"tag-welt","19":"tag-world"},"share_on_mastodon":{"url":"https:\/\/pubeurope.com\/@de\/114790752815368183","error":""},"_links":{"self":[{"href":"https:\/\/www.europesays.com\/de\/wp-json\/wp\/v2\/posts\/239721","targetHints":{"allow":["GET"]}}],"collection":[{"href":"https:\/\/www.europesays.com\/de\/wp-json\/wp\/v2\/posts"}],"about":[{"href":"https:\/\/www.europesays.com\/de\/wp-json\/wp\/v2\/types\/post"}],"author":[{"embeddable":true,"href":"https:\/\/www.europesays.com\/de\/wp-json\/wp\/v2\/users\/2"}],"replies":[{"embeddable":true,"href":"https:\/\/www.europesays.com\/de\/wp-json\/wp\/v2\/comments?post=239721"}],"version-history":[{"count":0,"href":"https:\/\/www.europesays.com\/de\/wp-json\/wp\/v2\/posts\/239721\/revisions"}],"wp:featuredmedia":[{"embeddable":true,"href":"https:\/\/www.europesays.com\/de\/wp-json\/wp\/v2\/media\/239722"}],"wp:attachment":[{"href":"https:\/\/www.europesays.com\/de\/wp-json\/wp\/v2\/media?parent=239721"}],"wp:term":[{"taxonomy":"category","embeddable":true,"href":"https:\/\/www.europesays.com\/de\/wp-json\/wp\/v2\/categories?post=239721"},{"taxonomy":"post_tag","embeddable":true,"href":"https:\/\/www.europesays.com\/de\/wp-json\/wp\/v2\/tags?post=239721"}],"curies":[{"name":"wp","href":"https:\/\/api.w.org\/{rel}","templated":true}]}}