{"id":240114,"date":"2025-07-03T22:08:09","date_gmt":"2025-07-03T22:08:09","guid":{"rendered":"https:\/\/www.europesays.com\/de\/240114\/"},"modified":"2025-07-03T22:08:09","modified_gmt":"2025-07-03T22:08:09","slug":"limehome-baut-hotel-stadt-muenchen-in-neuen-standort-um","status":"publish","type":"post","link":"https:\/\/www.europesays.com\/de\/240114\/","title":{"rendered":"Limehome baut Hotel Stadt M\u00fcnchen in neuen Standort um"},"content":{"rendered":"<p class=\"text_ohne_einzug richtext text-em-55 !leading-serif mx-6 desktop:mx-0\">Das Geb\u00e4ude bleibt, die Nutzungsart auch \u2013 ansonsten \u00e4ndert sich alles an dieser Adresse: vordere Pionierstra\u00dfe, Friedrichstadt, eine der Gegenden mit der h\u00f6chsten Hoteldichte D\u00fcsseldorfs. Eine Handvoll Beherbergungsbetriebe befinden sich hier, darunter bis vor Kurzem auch das Hotel Stadt M\u00fcnchen. 1952 gegr\u00fcndet, familiengef\u00fchrt, vier Sterne, 92 Zimmer. Das Haus ist in die Jahre gekommen, der bayerischer Besitzer auch. Deswegen hat er es verkauft. Und so wird aus dem urigen Unikat der dritte D\u00fcsseldorfer Standort eines M\u00fcnchner Unternehmens, dessen Gesch\u00e4ftsmodell g\u00e4nzlich ohne lokale Belegschaft auskommt.<\/p>\n","protected":false},"excerpt":{"rendered":"Das Geb\u00e4ude bleibt, die Nutzungsart auch \u2013 ansonsten \u00e4ndert sich alles an dieser Adresse: vordere Pionierstra\u00dfe, Friedrichstadt, eine&hellip;\n","protected":false},"author":2,"featured_media":240115,"comment_status":"","ping_status":"","sticky":false,"template":"","format":"standard","meta":{"footnotes":""},"categories":[1831],"tags":[26625,6567,5114,75066,3364,29,3405,21680,30,75068,6306,75069,75070,75071,75065,12825,1209,75067,17016],"class_list":{"0":"post-240114","1":"post","2":"type-post","3":"status-publish","4":"format-standard","5":"has-post-thumbnail","7":"category-duesseldorf","8":"tag-alte","9":"tag-anbieter","10":"tag-angebot","11":"tag-apartments","12":"tag-de","13":"tag-deutschland","14":"tag-duesseldorf","15":"tag-friedrichstadt","16":"tag-germany","17":"tag-geschaeftsmodell","18":"tag-hotel","19":"tag-hotelalternative","20":"tag-hoteldichte","21":"tag-hotelgebaeude","22":"tag-limehome","23":"tag-muenchner","24":"tag-nordrhein-westfalen","25":"tag-pionierstrasse","26":"tag-standort"},"share_on_mastodon":{"url":"https:\/\/pubeurope.com\/@de\/114791586490049961","error":""},"_links":{"self":[{"href":"https:\/\/www.europesays.com\/de\/wp-json\/wp\/v2\/posts\/240114","targetHints":{"allow":["GET"]}}],"collection":[{"href":"https:\/\/www.europesays.com\/de\/wp-json\/wp\/v2\/posts"}],"about":[{"href":"https:\/\/www.europesays.com\/de\/wp-json\/wp\/v2\/types\/post"}],"author":[{"embeddable":true,"href":"https:\/\/www.europesays.com\/de\/wp-json\/wp\/v2\/users\/2"}],"replies":[{"embeddable":true,"href":"https:\/\/www.europesays.com\/de\/wp-json\/wp\/v2\/comments?post=240114"}],"version-history":[{"count":0,"href":"https:\/\/www.europesays.com\/de\/wp-json\/wp\/v2\/posts\/240114\/revisions"}],"wp:featuredmedia":[{"embeddable":true,"href":"https:\/\/www.europesays.com\/de\/wp-json\/wp\/v2\/media\/240115"}],"wp:attachment":[{"href":"https:\/\/www.europesays.com\/de\/wp-json\/wp\/v2\/media?parent=240114"}],"wp:term":[{"taxonomy":"category","embeddable":true,"href":"https:\/\/www.europesays.com\/de\/wp-json\/wp\/v2\/categories?post=240114"},{"taxonomy":"post_tag","embeddable":true,"href":"https:\/\/www.europesays.com\/de\/wp-json\/wp\/v2\/tags?post=240114"}],"curies":[{"name":"wp","href":"https:\/\/api.w.org\/{rel}","templated":true}]}}