{"id":240173,"date":"2025-07-03T22:40:18","date_gmt":"2025-07-03T22:40:18","guid":{"rendered":"https:\/\/www.europesays.com\/de\/240173\/"},"modified":"2025-07-03T22:40:18","modified_gmt":"2025-07-03T22:40:18","slug":"chio-in-aachen-deutsche-springreiter-im-nationenpreis-nur-auf-rang-vier","status":"publish","type":"post","link":"https:\/\/www.europesays.com\/de\/240173\/","title":{"rendered":"CHIO in Aachen: Deutsche Springreiter im Nationenpreis nur auf Rang vier"},"content":{"rendered":"<p class=\"metatextline\">Stand: 03.07.2025 23:14 Uhr<\/p>\n<p class=\"textabsatz columns twelve  m-ten  m-offset-one l-eight l-offset-two\">\n        <strong>Nach dem Dressur-Sieg hat das deutsche Team im Springen unter Flutlicht Platz eins beim CHIO in Aachen klar verpasst.<\/strong>\n    <\/p>\n<p class=\"textabsatz m-ten m-offset-one l-eight l-offset-two columns twelve\">\nIm Nationenpreis des gr\u00f6\u00dften Reitturniers der Welt ritt die Equipe von Bundestrainer Otto Becker vor 40.000 Zuschauern im Stadion lediglich auf Rang vier. &#8222;Wir haben uns nat\u00fcrlich mehr erwartet&#8220;, kommentierte Becker. &#8222;Es war mehr drin.&#8220;<\/p>\n<p class=\"textabsatz m-ten m-offset-one l-eight l-offset-two columns twelve\">\nKnapp sieben Stunden nach dem souver\u00e4nen Sieg des Heim-Teams in der Dressur sicherte sich in dem Eine-Million-Euro-Springen die Equipe aus den USA den ersten Platz. Dahinter kam Belgien auf Rang zwei.<\/p>\n<ul class=\"buttongroup buttongroup--copytext\">\n<li class=\"buttongroup__item\">\n<p>    <a class=\"btn btn--text btn--standard-secondary btn--fullwidth\" href=\"https:\/\/www1.wdr.de\/sport\/pferdesport\/chio-dressur-mannschaft-grand-prix-100.html\" target=\"_blank\" rel=\"noopener\"><br \/>\n        Werth f\u00fchrt dezimiertes Dressur-Team zum Sieg im Nationenpreis<br \/>\n        Pfeil rechts<\/p>\n<p>    <\/a>\n<\/li>\n<\/ul>\n<p class=\"textabsatz m-ten m-offset-one l-eight l-offset-two columns twelve\">\nDen Anfang am Abend machte f\u00fcr das deutsche Team Einzel-Olympiasieger Christian Kukuk. Im Sattel von Cepano begann der 35 Jahre alte Reiter aus Riesenbeck mit einer fehlerfreien Runde. &#8222;Ich bin super zufrieden&#8220;, kommentierte Kukuk seinen Ritt. &#8222;Das Ergebnis spricht f\u00fcr sich, aber auch die Art und Weise war wirklich \u00fcberzeugend und macht mich happy.&#8220; Doch in der zweiten Runde erlebte er einen ordentlichen Schreck.<\/p>\n<p>    Einzel-Olympiasieger Kukuk sammelt Strafpunkte<\/p>\n<p class=\"textabsatz m-ten m-offset-one l-eight l-offset-two columns twelve\">\nVor der dreifachen Kombination verweigerte Cepano den Sprung, rutschte halb ins Hindernis. Kukuk musste neu anreiten. Beim zweiten Versuch klappte es besser, aber der zuletzt so starke Reiter sammelte reichlich Zeitfehler und kam mit 13 Strafpunkten ins Ziel. &#8222;Das geht auf meine Kappe, ich habe ihn alleine gelassen&#8220;, sagte Kukuk: &#8222;Hochachtung wie er es danach gemeistert hat.&#8220;<\/p>\n<p class=\"textabsatz m-ten m-offset-one l-eight l-offset-two columns twelve\">\nAuf Kukuk folgte im deutschen Team Hans-Dieter Dreher mit Elysium. Der 53-J\u00e4hrige aus Eimeldingen patzte mit seinem Schimmel am letzten Hindernis der ersten Runde, blieb aber \u00e4u\u00dferst cool. Im zweiten Umlauf ritt Dreher mit seinem Schimmel souver\u00e4n und verlie\u00df das Stadion fr\u00f6hlich lachend. &#8222;Das war eine Super-Runde&#8220;, kommentierte Dreher: &#8222;In der ersten war Elysium auch gut, aber ich nicht so.&#8220;<\/p>\n<p>    Kein sch\u00f6ner Einstand f\u00fcr Sophie Hinners<\/p>\n<p class=\"textabsatz m-ten m-offset-one l-eight l-offset-two columns twelve\">\nEin desastr\u00f6ses Deb\u00fct erlebte Sophie Hinners mit Combella. Die 27 Jahre alte Deb\u00fctantin im CHIO-Team ritt nach acht Strafpunkten in der ersten Runde und elf in der zweiten entt\u00e4uscht aus dem Parcours. &#8222;Ich h\u00e4tte mir nat\u00fcrlich einen sch\u00f6neren Einstand gew\u00fcnscht&#8220;, kommentierte die Reiterin aus Pfungstadt.\u00a0<\/p>\n<p class=\"textabsatz m-ten m-offset-one l-eight l-offset-two columns twelve\">\nWie es geht, zeigte Jana Wargers mit Dorette. Makellos ritt die 33-J\u00e4hrige aus Emsdetten mit ihrem Pferd in beiden Runden. Entsprechend froh war sie, &#8222;dass ich liefern konnte&#8220;.<\/p>\n<p class=\"textabsatz m-ten m-offset-one l-eight l-offset-two columns twelve\">\n\u00a0Unsere Quellen:<\/p>\n<p>                                        <a class=\"backlink__link\" href=\"https:\/\/www1.wdr.de\/sport\/pferdesport\/chio-springen-nationenpreis-100.html\" target=\"_blank\" rel=\"noopener\"><\/p>\n<p>                                                <img decoding=\"async\" src=\"https:\/\/images.sportschau.de\/image\/9ef70e2e-6dd6-4b18-afd2-7063c40e8939\/AAABlap_yqU\/AAABkZLrr6A\/original\/lra-wdr-logo-100.svg\" alt=\"Westdeutscher Rundfunk\"\/><\/p>\n<p>                                        <\/a><\/p>\n","protected":false},"excerpt":{"rendered":"Stand: 03.07.2025 23:14 Uhr Nach dem Dressur-Sieg hat das deutsche Team im Springen unter Flutlicht Platz eins beim&hellip;\n","protected":false},"author":2,"featured_media":240174,"comment_status":"","ping_status":"","sticky":false,"template":"","format":"standard","meta":{"footnotes":""},"categories":[1853],"tags":[1424,62606,3364,29,548,663,3934,30,13,14,61108,15,1209,20352,12,265,53944,225],"class_list":{"0":"post-240173","1":"post","2":"type-post","3":"status-publish","4":"format-standard","5":"has-post-thumbnail","7":"category-aachen","8":"tag-aachen","9":"tag-chio","10":"tag-de","11":"tag-deutschland","12":"tag-eu","13":"tag-europa","14":"tag-europe","15":"tag-germany","16":"tag-headlines","17":"tag-nachrichten","18":"tag-nationenpreis","19":"tag-news","20":"tag-nordrhein-westfalen","21":"tag-pferdesport","22":"tag-schlagzeilen","23":"tag-sport","24":"tag-springreiten","25":"tag-wdr"},"share_on_mastodon":{"url":"https:\/\/pubeurope.com\/@de\/114791712446114245","error":""},"_links":{"self":[{"href":"https:\/\/www.europesays.com\/de\/wp-json\/wp\/v2\/posts\/240173","targetHints":{"allow":["GET"]}}],"collection":[{"href":"https:\/\/www.europesays.com\/de\/wp-json\/wp\/v2\/posts"}],"about":[{"href":"https:\/\/www.europesays.com\/de\/wp-json\/wp\/v2\/types\/post"}],"author":[{"embeddable":true,"href":"https:\/\/www.europesays.com\/de\/wp-json\/wp\/v2\/users\/2"}],"replies":[{"embeddable":true,"href":"https:\/\/www.europesays.com\/de\/wp-json\/wp\/v2\/comments?post=240173"}],"version-history":[{"count":0,"href":"https:\/\/www.europesays.com\/de\/wp-json\/wp\/v2\/posts\/240173\/revisions"}],"wp:featuredmedia":[{"embeddable":true,"href":"https:\/\/www.europesays.com\/de\/wp-json\/wp\/v2\/media\/240174"}],"wp:attachment":[{"href":"https:\/\/www.europesays.com\/de\/wp-json\/wp\/v2\/media?parent=240173"}],"wp:term":[{"taxonomy":"category","embeddable":true,"href":"https:\/\/www.europesays.com\/de\/wp-json\/wp\/v2\/categories?post=240173"},{"taxonomy":"post_tag","embeddable":true,"href":"https:\/\/www.europesays.com\/de\/wp-json\/wp\/v2\/tags?post=240173"}],"curies":[{"name":"wp","href":"https:\/\/api.w.org\/{rel}","templated":true}]}}