{"id":240745,"date":"2025-07-04T04:02:10","date_gmt":"2025-07-04T04:02:10","guid":{"rendered":"https:\/\/www.europesays.com\/de\/240745\/"},"modified":"2025-07-04T04:02:10","modified_gmt":"2025-07-04T04:02:10","slug":"us-praesident-trump-keine-fortschritte-bei-gespraech-mit-putin","status":"publish","type":"post","link":"https:\/\/www.europesays.com\/de\/240745\/","title":{"rendered":"US-Pr\u00e4sident Trump: Keine Fortschritte bei Gespr\u00e4ch mit Putin"},"content":{"rendered":"<p class=\"is-first-paragraph\" data-external=\"Article.FirstParagraph\">Nach einem Telefonat zwischen US-Pr\u00e4sident Donald Trump und dem russischen Staatschef Wladimir Putin ist es nach Angaben von Trump zu keinem nennenswerten Ergebnis in den Gespr\u00e4chen gekommen. \u201eIch habe keinerlei Fortschritte mit ihm gemacht\u201c, sagte Trump in einer kurzen Stellungnahme auf einem Luftwaffenst\u00fctzpunkt au\u00dferhalb Washingtons, bevor er nach Iowa aufbrach. Er habe mit Putin sowohl \u00fcber den Iran als auch \u00fcber die Ukraine gesprochen. <\/p>\n<p>\u201eWir geben ihnen (der Ukraine) Waffen, aber wir haben schon so viele Waffen gegeben. Aber wir geben Waffen. Und wir arbeiten mit ihnen zusammen und versuchen, ihnen zu helfen\u201c, sagte Trump. Die USA h\u00e4tten die Waffenlieferungen in die Ukraine nicht vollst\u00e4ndig gestoppt, so Trump weiter. Er beschuldigte seinen Vorg\u00e4nger Joe Biden, zu viele Waffen geschickt und damit die US-Verteidigung geschw\u00e4cht zu haben.<\/p>\n<p>Kreml-Vertreter Juri Uschakow erkl\u00e4rte nach dem Telefonat, der russische Pr\u00e4sident habe bekr\u00e4ftigt, dass Moskau weiterhin auf eine L\u00f6sung der \u201eeigentlichen Ursachen\u201c des Konflikts dr\u00e4ngen werde. Die Staatsoberh\u00e4upter h\u00e4tten w\u00e4hrend des fast einst\u00fcndigen Gespr\u00e4chs nicht \u00fcber die <a class=\"is-link c-block-items__link c-link--rich-text-renderer\" href=\"https:\/\/www.welt.de\/politik\/ausland\/article256335054\/Ukraine-bestellt-US-Diplomaten-ein-Kreml-begruesst-Waffenlieferstopp-der-USA.html\" data-internal-tracking-enabled=\"true\" data-internal-tracking=\"{&quot;action&quot;:&quot;click&quot;,&quot;label&quot;:&quot;link&quot;,&quot;name&quot;:&quot;Inline Element&quot;,&quot;data&quot;:{&quot;source&quot;:&quot;&quot;,&quot;target&quot;:&quot;https:\/\/www.welt.de\/politik\/ausland\/article256335054\/Ukraine-bestellt-US-Diplomaten-ein-Kreml-begruesst-Waffenlieferstopp-der-USA.html&quot;,&quot;trackingName&quot;:&quot;&quot;,&quot;trackingLabel&quot;:&quot;&quot;}}\" target=\"_blank\" rel=\"noopener\">Unterbrechung einiger US-Waffenlieferungen<\/a> an Kiew gesprochen. <\/p>\n<p>Russland sei zwar offen f\u00fcr weitere Gespr\u00e4che mit den USA, Friedensverhandlungen m\u00fcssten jedoch zwischen Moskau und Kiew stattfinden, so Uschakow und f\u00fcgte hinzu, dass Trump und Putin nicht \u00fcber ein pers\u00f6nliches Treffen gesprochen h\u00e4tten. <\/p>\n","protected":false},"excerpt":{"rendered":"Nach einem Telefonat zwischen US-Pr\u00e4sident Donald Trump und dem russischen Staatschef Wladimir Putin ist es nach Angaben von&hellip;\n","protected":false},"author":2,"featured_media":240746,"comment_status":"","ping_status":"","sticky":false,"template":"","format":"standard","meta":{"footnotes":""},"categories":[5],"tags":[15323,114,13,14,15,110,111,115,12,116,10,8,9,11,113,112,117],"class_list":{"0":"post-240745","1":"post","2":"type-post","3":"status-publish","4":"format-standard","5":"has-post-thumbnail","7":"category-nachrichten","8":"tag-balken-inbox","9":"tag-donald-geb-1946","10":"tag-headlines","11":"tag-nachrichten","12":"tag-news","13":"tag-newsteam","14":"tag-putin","15":"tag-russland-ukraine-krieg-24-2-2022","16":"tag-schlagzeilen","17":"tag-selenskyj","18":"tag-top-news","19":"tag-top-meldungen","20":"tag-topmeldungen","21":"tag-topnews","22":"tag-trump","23":"tag-wladimir","24":"tag-wolodymyr"},"share_on_mastodon":{"url":"https:\/\/pubeurope.com\/@de\/114792978592325579","error":""},"_links":{"self":[{"href":"https:\/\/www.europesays.com\/de\/wp-json\/wp\/v2\/posts\/240745","targetHints":{"allow":["GET"]}}],"collection":[{"href":"https:\/\/www.europesays.com\/de\/wp-json\/wp\/v2\/posts"}],"about":[{"href":"https:\/\/www.europesays.com\/de\/wp-json\/wp\/v2\/types\/post"}],"author":[{"embeddable":true,"href":"https:\/\/www.europesays.com\/de\/wp-json\/wp\/v2\/users\/2"}],"replies":[{"embeddable":true,"href":"https:\/\/www.europesays.com\/de\/wp-json\/wp\/v2\/comments?post=240745"}],"version-history":[{"count":0,"href":"https:\/\/www.europesays.com\/de\/wp-json\/wp\/v2\/posts\/240745\/revisions"}],"wp:featuredmedia":[{"embeddable":true,"href":"https:\/\/www.europesays.com\/de\/wp-json\/wp\/v2\/media\/240746"}],"wp:attachment":[{"href":"https:\/\/www.europesays.com\/de\/wp-json\/wp\/v2\/media?parent=240745"}],"wp:term":[{"taxonomy":"category","embeddable":true,"href":"https:\/\/www.europesays.com\/de\/wp-json\/wp\/v2\/categories?post=240745"},{"taxonomy":"post_tag","embeddable":true,"href":"https:\/\/www.europesays.com\/de\/wp-json\/wp\/v2\/tags?post=240745"}],"curies":[{"name":"wp","href":"https:\/\/api.w.org\/{rel}","templated":true}]}}