{"id":240985,"date":"2025-07-04T06:12:14","date_gmt":"2025-07-04T06:12:14","guid":{"rendered":"https:\/\/www.europesays.com\/de\/240985\/"},"modified":"2025-07-04T06:12:14","modified_gmt":"2025-07-04T06:12:14","slug":"schausteller-bereiten-sich-auf-volksfest-vor","status":"publish","type":"post","link":"https:\/\/www.europesays.com\/de\/240985\/","title":{"rendered":"Schausteller bereiten sich auf Volksfest vor"},"content":{"rendered":"<p class=\"font-bold text-18 leading-17\">Mitte Juli beginnt in D\u00fcsseldorf die Rheinkirmes. Die Schausteller stecken mitten in den Vorbereitungen \u2013 und haben noch viel zu tun.<\/p>\n<p class=\"text-18 leading-17\">Auf der Oberkasseler Rheinwiese w\u00e4chst die Kirmesstadt best\u00e4ndig. F\u00fcr rund 300 Schausteller beginnt am <a class=\"transition-colors duration-200 cursor-pointer text-inherit no-underline text-salemsfur md:hover:text-magenta md:hover:border-magenta md:focus:text-magenta border-current border-b border-solid break-words\" href=\"https:\/\/www.t-online.de\/region\/duesseldorf\/id_100797882\/rheinkirmes-2025-so-kommen-sie-stressfrei-zum-festgelaende-in-duesseldorf.html\" data-sctrack=\"BodyAnchor\" rel=\"nofollow noopener\" target=\"_blank\">11. Juli mit dem Start der Rheinkirmes<\/a> eine aufregende Zeit \u2013 aktuell sind sie aber noch mitten im Aufbau. \u00dcberall wird geschraubt, gebohrt, geh\u00e4mmert und geputzt.<\/p>\n<p class=\"text-18 leading-17\">Nina Osselmann ist mit ihrer Familie und ihrem Team bereits in der vorletzten Juni-Woche angereist. Sie betreibt den Autoscooter &#8222;Diamond&#8220;, der seit Jahrzehnten zur Rheinkirmes dazugeh\u00f6rt. &#8222;D\u00fcsseldorf ist wirklich meine Heimatkirmes. Das ist eine Herzenssache, hier hinzukommen&#8220;, sagt Osselmann und erg\u00e4nzt: &#8222;Wenn man hier mit den Transportern auf das Gel\u00e4nde rollt und dann das Ger\u00e4usch des Kopfsteinpflasters h\u00f6rt \u2013 das ist einmalig.&#8220;<\/p>\n<p class=\"text-18 leading-17\">Bis zum Start gibt es f\u00fcr sie und ihr Team noch viel zu tun: Der Autoscooter muss aufgebaut, gereinigt und poliert werden. Auch kaputte Gl\u00fchbirnen und andere kleine Sch\u00e4den m\u00fcssen ausgetauscht und repariert werden. Kurz vor dem Start steht in der kommenden Woche noch die Bauabnahme an \u2013 dann kann es losgehen.<\/p>\n<p class=\"text-18 leading-17\">Nur wenige Meter weiter k\u00fcmmert sich Leon Schwemin mit seinem Team um den Aufbau des Festzelts der K\u00fcrzer-Brauerei. Der Zeltboden ist bereits verlegt, die To-do-Liste ist trotzdem noch lang: &#8222;Wir stellen die Theken und die Toilettenwagen, wir m\u00fcssen den Boden noch ein bisschen verl\u00e4ngern und der Strom wird noch verlegt&#8220;, berichtet Schwemin.<\/p>\n<p class=\"text-18 leading-17\">In der kommenden Woche folgt die Technik, dann werden B\u00fchne und Front gestaltet \u2013 inklusive gro\u00dfem Banner. Die Vorfreude ist gro\u00df: &#8222;Da fiebern wir das ganze Jahr drauf hin. Wir haben ein super Line-up aufgestellt und sind sehr guter Dinge, dass das wieder eine sch\u00f6ne Sache wird.&#8220; <a class=\"transition-colors duration-200 cursor-pointer text-inherit no-underline text-salemsfur md:hover:text-magenta md:hover:border-magenta md:focus:text-magenta border-current border-b border-solid break-words\" href=\"https:\/\/www.t-online.de\/region\/duesseldorf\/id_100783784\/rheinkirmes-2025-duesseldorf-das-ist-das-programm-in-den-partyzelten.html\" data-sctrack=\"BodyAnchor\" rel=\"nofollow noopener\" target=\"_blank\">Wie in anderen Festzelten auch, gibt es im K\u00fcrzer-Zelt t\u00e4glich Programm<\/a>. Am 17. Juli findet etwa eine Party mit den Internetstars Dennis und Benni Wolter statt.<\/p>\n<p class=\"text-18 leading-17\">Eine Woche vor dem Start der Kirmes schaut Schwemin auch gespannt auf den Wetterbericht. Wenn er es sich aussuchen kann, h\u00e4tte er es zur Kirmes gerne ein paar Grad k\u00fchler. &#8222;40 Grad \u2013 das w\u00e4re unsch\u00f6n, w\u00e4hrend der Kirmes&#8220;, sagt Schwemin.<\/p>\n<p class=\"text-18 leading-17\">Auf angenehmes <a class=\"transition-colors duration-200 cursor-pointer text-inherit no-underline text-salemsfur md:hover:text-magenta md:hover:border-magenta md:focus:text-magenta border-current border-b border-solid break-words\" href=\"https:\/\/www.t-online.de\/wetter\" data-sctrack=\"BodyAnchor\" rel=\"nofollow noopener\" target=\"_blank\">Wetter<\/a> hofft auch Markus Rick. Er verkauft kandierte Fr\u00fcchte und ist mit seinem Team erst eine Woche vor Start angereist. Seit vielen Jahren kommt Rick extra aus <a class=\"transition-colors duration-200 cursor-pointer text-inherit no-underline text-salemsfur md:hover:text-magenta md:hover:border-magenta md:focus:text-magenta border-current border-b border-solid break-words\" href=\"https:\/\/www.t-online.de\/themen\/worms\/\" data-sctrack=\"BodyAnchor\" rel=\"nofollow noopener\" target=\"_blank\">Worms<\/a> nach <a class=\"transition-colors duration-200 cursor-pointer text-inherit no-underline text-salemsfur md:hover:text-magenta md:hover:border-magenta md:focus:text-magenta border-current border-b border-solid break-words\" href=\"https:\/\/www.t-online.de\/region\/duesseldorf\/\" data-sctrack=\"BodyAnchor\" rel=\"nofollow noopener\" target=\"_blank\">D\u00fcsseldorf<\/a>. &#8222;Die Rheinkirmes hat f\u00fcr mich einen besonderen Charakter&#8220;, sagt Rick. Seine Gro\u00dfeltern und Eltern seien schon immer auf der Kirmes gewesen und er sei hier gro\u00df geworden.<\/p>\n<p class=\"text-18 leading-17\">Die verbleibenden Tage bis zur Kirmes nutzt Rick f\u00fcr Aufbau und Feinschliff. &#8222;Da wir noch ein freies Wochenende haben, wird alles noch besser sauber gemacht&#8220;, sagt er und lacht. &#8222;Wir freuen uns, wenn es am 11. Juli endlich losgeht.&#8220;<\/p>\n","protected":false},"excerpt":{"rendered":"Mitte Juli beginnt in D\u00fcsseldorf die Rheinkirmes. Die Schausteller stecken mitten in den Vorbereitungen \u2013 und haben noch&hellip;\n","protected":false},"author":2,"featured_media":240986,"comment_status":"","ping_status":"","sticky":false,"template":"","format":"standard","meta":{"footnotes":""},"categories":[1831],"tags":[66366,3364,29,3405,30,75257,75255,75258,75256,1209,39173,39177],"class_list":{"0":"post-240985","1":"post","2":"type-post","3":"status-publish","4":"format-standard","5":"has-post-thumbnail","7":"category-duesseldorf","8":"tag-benni-wolter","9":"tag-de","10":"tag-deutschland","11":"tag-duesseldorf","12":"tag-germany","13":"tag-kirmesstadt","14":"tag-leon-schwemin","15":"tag-markus-rick","16":"tag-nina-osselmann","17":"tag-nordrhein-westfalen","18":"tag-rheinkirmes","19":"tag-rheinwiese"},"share_on_mastodon":{"url":"","error":""},"_links":{"self":[{"href":"https:\/\/www.europesays.com\/de\/wp-json\/wp\/v2\/posts\/240985","targetHints":{"allow":["GET"]}}],"collection":[{"href":"https:\/\/www.europesays.com\/de\/wp-json\/wp\/v2\/posts"}],"about":[{"href":"https:\/\/www.europesays.com\/de\/wp-json\/wp\/v2\/types\/post"}],"author":[{"embeddable":true,"href":"https:\/\/www.europesays.com\/de\/wp-json\/wp\/v2\/users\/2"}],"replies":[{"embeddable":true,"href":"https:\/\/www.europesays.com\/de\/wp-json\/wp\/v2\/comments?post=240985"}],"version-history":[{"count":0,"href":"https:\/\/www.europesays.com\/de\/wp-json\/wp\/v2\/posts\/240985\/revisions"}],"wp:featuredmedia":[{"embeddable":true,"href":"https:\/\/www.europesays.com\/de\/wp-json\/wp\/v2\/media\/240986"}],"wp:attachment":[{"href":"https:\/\/www.europesays.com\/de\/wp-json\/wp\/v2\/media?parent=240985"}],"wp:term":[{"taxonomy":"category","embeddable":true,"href":"https:\/\/www.europesays.com\/de\/wp-json\/wp\/v2\/categories?post=240985"},{"taxonomy":"post_tag","embeddable":true,"href":"https:\/\/www.europesays.com\/de\/wp-json\/wp\/v2\/tags?post=240985"}],"curies":[{"name":"wp","href":"https:\/\/api.w.org\/{rel}","templated":true}]}}