{"id":241039,"date":"2025-07-04T06:43:40","date_gmt":"2025-07-04T06:43:40","guid":{"rendered":"https:\/\/www.europesays.com\/de\/241039\/"},"modified":"2025-07-04T06:43:40","modified_gmt":"2025-07-04T06:43:40","slug":"abgang-steht-fest-ex-kapitaen-nietfeld-verlaesst-halleschen-fc","status":"publish","type":"post","link":"https:\/\/www.europesays.com\/de\/241039\/","title":{"rendered":"Abgang steht fest: Ex-Kapit\u00e4n Nietfeld verl\u00e4sst Halleschen FC"},"content":{"rendered":"<p class=\"text\">\nNun steht der Abschied von Jonas Nietfeld aus Halle fest: Nach sechs Jahren beim Halleschen FC verl\u00e4sst der 31-J\u00e4hrige die Saalest\u00e4dter. Das gab der Regionalligist am Donnerstag (3. Juli 2025) bekannt.\n<\/p>\n<p>&#8222;Trotz intensiven Bem\u00fchungen &#8230;&#8220;<\/p>\n<p class=\"text\">\n&#8222;Trotz intensiven Bem\u00fchungen k\u00f6nnen der Hallesche FC und Jonas Nietfeld die Zusammenarbeit in der kommenden Saison nicht fortsetzen&#8220;, hei\u00dft es in der Pressemitteilung des HFC. &#8222;Der Hallesche FC verabschiedet sich mit gro\u00dfem Respekt von Jonas Nietfeld und w\u00fcnscht ihm f\u00fcr seinen weiteren Weg \u2013 sportlich wie pers\u00f6nlich \u2013 nur das Beste.&#8220;\n<\/p>\n<p>Nietfeld: &#8222;Hoffe, dass L\u00f6sung gefunden wird&#8220;<\/p>\n<p class=\"text\">\nNietfeld war seit 2019 beim HFC. Sein am 30. Juni 2025 auslaufender Vertrag wurde nicht verl\u00e4ngert. Auf einen neuen Kontrakt hoffte der geb\u00fcrtige Mindener bis zuletzt: &#8222;Ich habe immer gesagt, dass ich gerne in Halle spiele und hoffe, dass eine L\u00f6sung gefunden wird&#8220;, sagte Nietfeld erst <a href=\"https:\/\/www.mdr.de\/sport\/fussball_rl\/hallescher-fc-was-wird-aus-jonas-nietfeld-100.html\" title=\"Hallescher FC: Nietfeld hofft noch auf neuen Vertrag \u2013 Verein k\u00fcndigt Entscheidung an\" rel=\"nofollow noopener\" target=\"_blank\">am Dienstag (1. Juli 2025) bei SPORT IM OSTEN<\/a>. Hoffnungen auf einen Verbleib von &#8222;Nieter&#8220; \u00e4u\u00dferten auch verschiedene <a href=\"https:\/\/www.mdr.de\/sport\/sport-im-osten\/video-interview-marius-hauptmann-hallescher-fc-hfc-nach-eisleben-100.html\" title=\"HFC-Spieler Hauptmann: &quot;Bisschen agressiver als sonst&quot;\" rel=\"nofollow noopener\" target=\"_blank\">Spieler <\/a>sowie der <a href=\"https:\/\/www.mdr.de\/sport\/sport-im-osten\/video-interview-robert-schroeder-hallescher-fc-halle-nach-eisleben-100.html\" title=\"HFC-Trainer Schr\u00f6der: &quot;Testspiel zieht mehr Fans als in Berlin die Punktspiele&quot;\" rel=\"nofollow noopener\" target=\"_blank\">neue HFC-Trainer Robert Schr\u00f6der<\/a>.\n<\/p>\n<p>Meyer: &#8222;Es ist uns nicht egal&#8220;<\/p>\n<p class=\"text\">\nHFC-Sportchef Daniel Meyer machte dem polyvalent sowohl offensiv als auch defensiv einsetzbaren Kicker am Rande des <a href=\"https:\/\/www.mdr.de\/sport\/fussball_rl\/testspiel-msv-eisleben--hallescher-fc-hfc-halle-100.html\" title=\"Testspiele: Hallescher FC gewinnt Test bei Achtligist Eisleben 7:0\" rel=\"nofollow noopener\" target=\"_blank\">Testspiels am Dienstag (1. Juli 2025) beim MSV Eisleben<\/a> (<a href=\"https:\/\/www.mdr.de\/sport\/fussball_1bl\/sommerfahrplan-fussball-spio-bundesliga-bis-regionalliga-106.html\" title=\"Sommerfahrplan: Die Testspiele und Termine der mitteldeutschen Klubs\" rel=\"nofollow noopener\" target=\"_blank\">0:7<\/a>) Hoffnung: &#8222;Wenn es nur am Willen der Beteiligten liegen w\u00fcrde, w\u00e4ren wir l\u00e4ngst durch. Wir h\u00e4tten ihn gern bei uns dabei&#8220;, sagte <a href=\"https:\/\/www.mdr.de\/sport\/sport-im-osten\/video-interview-daniel-meyer-hallescher-fc-zimmermann-eisleben-nietfeld-100.html\" title=\"HFC-Sportchef Meyer \u00fcber Eisleben-Gastspiel, Zimmermann-Zukunft und Nietfeld-Verhandlungen\" rel=\"nofollow noopener\" target=\"_blank\">Meyer bei SPORT IM OSTEN<\/a>. Faktoren wie die Kadergr\u00f6\u00dfe, das Budget und die Anzahl von Spielern auf einer Position w\u00fcrden die Gespr\u00e4che aber erschweren. &#8222;Es dauert so lange, weil wir es versuchen, weil es uns nicht egal ist.&#8220;<\/p>\n","protected":false},"excerpt":{"rendered":"Nun steht der Abschied von Jonas Nietfeld aus Halle fest: Nach sechs Jahren beim Halleschen FC verl\u00e4sst der&hellip;\n","protected":false},"author":2,"featured_media":241040,"comment_status":"","ping_status":"","sticky":false,"template":"","format":"standard","meta":{"footnotes":""},"categories":[1860],"tags":[66990,3364,29,548,663,3934,30,4062,17332,12435,13,27047,75189,75190,81,14,15,3459,12449,17331,860,12,3499,3498],"class_list":{"0":"post-241039","1":"post","2":"type-post","3":"status-publish","4":"format-standard","5":"has-post-thumbnail","7":"category-halle-saale","8":"tag-daniel-meyer","9":"tag-de","10":"tag-deutschland","11":"tag-eu","12":"tag-europa","13":"tag-europe","14":"tag-germany","15":"tag-halle","16":"tag-halle-saale","17":"tag-hallescher-fc","18":"tag-headlines","19":"tag-hfc","20":"tag-jonas-nietfeld","21":"tag-mark-zimmermann","22":"tag-mdr","23":"tag-nachrichten","24":"tag-news","25":"tag-regionalliga","26":"tag-robert-schroeder","27":"tag-saale","28":"tag-sachsen-anhalt","29":"tag-schlagzeilen","30":"tag-spio","31":"tag-sport-im-osten"},"share_on_mastodon":{"url":"https:\/\/pubeurope.com\/@de\/114793612737732277","error":""},"_links":{"self":[{"href":"https:\/\/www.europesays.com\/de\/wp-json\/wp\/v2\/posts\/241039","targetHints":{"allow":["GET"]}}],"collection":[{"href":"https:\/\/www.europesays.com\/de\/wp-json\/wp\/v2\/posts"}],"about":[{"href":"https:\/\/www.europesays.com\/de\/wp-json\/wp\/v2\/types\/post"}],"author":[{"embeddable":true,"href":"https:\/\/www.europesays.com\/de\/wp-json\/wp\/v2\/users\/2"}],"replies":[{"embeddable":true,"href":"https:\/\/www.europesays.com\/de\/wp-json\/wp\/v2\/comments?post=241039"}],"version-history":[{"count":0,"href":"https:\/\/www.europesays.com\/de\/wp-json\/wp\/v2\/posts\/241039\/revisions"}],"wp:featuredmedia":[{"embeddable":true,"href":"https:\/\/www.europesays.com\/de\/wp-json\/wp\/v2\/media\/241040"}],"wp:attachment":[{"href":"https:\/\/www.europesays.com\/de\/wp-json\/wp\/v2\/media?parent=241039"}],"wp:term":[{"taxonomy":"category","embeddable":true,"href":"https:\/\/www.europesays.com\/de\/wp-json\/wp\/v2\/categories?post=241039"},{"taxonomy":"post_tag","embeddable":true,"href":"https:\/\/www.europesays.com\/de\/wp-json\/wp\/v2\/tags?post=241039"}],"curies":[{"name":"wp","href":"https:\/\/api.w.org\/{rel}","templated":true}]}}