{"id":241042,"date":"2025-07-04T06:45:12","date_gmt":"2025-07-04T06:45:12","guid":{"rendered":"https:\/\/www.europesays.com\/de\/241042\/"},"modified":"2025-07-04T06:45:12","modified_gmt":"2025-07-04T06:45:12","slug":"pol-ki-250704-1-kiel-sonntag-bombenentschaerfung-in-kiel-wik","status":"publish","type":"post","link":"https:\/\/www.europesays.com\/de\/241042\/","title":{"rendered":"POL-KI: 250704.1 Kiel: Sonntag Bombenentsch\u00e4rfung in Kiel-Wik"},"content":{"rendered":"<p class=\"date\">04.07.2025 \u2013 08:34<\/p>\n<p class=\"customer\">\n                        <a class=\"story-customer\" title=\"weiter zum newsroom von Polizeidirektion Kiel\" href=\"https:\/\/www.presseportal.de\/blaulicht\/nr\/14626\" target=\"_blank\" rel=\"noopener\">Polizeidirektion Kiel<\/a>\n                    <\/p>\n<p><a class=\"glightbox event-trigger\" href=\"https:\/\/cache.pressmailing.net\/thumbnail\/story_hires\/a44ff198-1a62-4078-a792-d3d9f9310fd2\/Stra%C3%9FenverzeichnisBombeWik.jpg.jpg\" data-description=\"Quelle: Polizeidirektion Kiel\" data-category=\"medialightbox\" data-action=\"click\" data-label=\"single\" data-value=\"6867760a270000fd2cdfe1a5\" target=\"_blank\" rel=\"noopener\"><img decoding=\"async\" height=\"540\" with=\"720\" src=\"https:\/\/www.europesays.com\/de\/wp-content\/uploads\/2025\/07\/pol-ki-250704-1-kiel-sonntag-bombenentsch-rfung-in-kiel-wik.jpeg\"   alt=\"POL-KI: 250704.1 Kiel: Sonntag Bombenentsch\u00e4rfung in Kiel-Wik\" class=\"single\"\/><\/a><\/p>\n<p class=\"story-download-headline\">Ein Dokument<\/p>\n<ul class=\"story-download-list\">\n<li class=\"story-download-list-item\"><a href=\"https:\/\/www.presseportal.de\/download\/document\/6867760a270000fd2cdfe1a3-kartekielwik.pdf\" target=\"_blank\" rel=\"noopener\">KarteKielWik.pdf<br \/>PDF &#8211; 1,0 MB<\/a><\/li>\n<\/ul>\n<p><a data-category=\"citylink-story-view\" data-action=\"click\" data-label=\"Citylink in Meldungsansicht\" class=\"story-city event-trigger\" href=\"https:\/\/www.presseportal.de\/regional\/Kiel\" title=\"News aus Kiel \" target=\"_blank\" rel=\"noopener\">Kiel<\/a> (ots)<\/p>\n<p>Sonntag entsch\u00e4rft der Kampfmittelr\u00e4umdienst in Kiel-Wik in der Stra\u00dfe Elendsredder eine Fliegerbombe. 3360 Personen aus 2455 Haushalten unter 372 bewohnten Adresspunkten m\u00fcssen ihre Wohungen verlassen. Insgesamt liegen 417 Adressen (inkl. Wirtschaftsgeb\u00e4ude, Transformatorenh\u00e4uschen, sonstige Geb\u00e4ude) in dem Evakuierungsgebiet. Die Kleingartenanlagen &#8222;Am Elendsredder&#8220; (Kiel e.V.) und &#8222;Schulredder&#8220; (Kreisverband Kiel e.V.) liegen ebenfalls im Evakuierungsgebiet.<\/p>\n<p>Bei der \u00dcberpr\u00fcfung eines Verdachtspunktes stie\u00dfen die Spezialisten des Kampfmittelr\u00e4umdienstes auf eine amerikanische 500-kg-Bombe, die \u00fcber einen Heckz\u00fcnder verf\u00fcgt. In einem gemeinsamen Gespr\u00e4ch legten Vertreterinnen und Vertreter des Kampfmittelr\u00e4umdienstes, der Polizei, der Stadt Kiel und weiteren beteiligten Stellen fest, dass die Bombe am Sonntagvormittag entsch\u00e4rft wird.<\/p>\n<p>Bis 11:00 Uhr m\u00fcssen alle Anwohnerinnen und Anwohner im auf der Karte gekennzeichneten Bereich ihre H\u00e4user und Wohnungen verlassen. Zur gleichen Zeit richtet die Polizei die Stra\u00dfensperrungen ein.<\/p>\n<p>Sobald sichergestellt ist, dass sich niemand mehr im Sperrbereich aufh\u00e4lt, beginnen die Experten des Kampfmittelr\u00e4umdienstes mit der Entsch\u00e4rfung der Bombe. Angaben zur Dauer k\u00f6nnen nicht gemacht werden. Anwohnerinnen und Anwohner sollten sich jedoch auf eine mehrst\u00fcndige Abwesenheit einstellen und an Nahrung, Getr\u00e4nke und ben\u00f6tigte Medikamente denken.<\/p>\n<p>F\u00fcr diejenigen, die w\u00e4hrend der Entsch\u00e4rfung nicht anderweitig unterkommen k\u00f6nnen, stehen R\u00e4umlichkeiten ab 10 Uhr in der Hebbelschule, Feldstra\u00dfe 177-179, 24106 Kiel bereit.<\/p>\n<p>Anwohnerinnen und Anwohner, die Hilfe beim Verlassen ihrer Wohnungen ben\u00f6tigen, werden gebeten, sich fr\u00fchzeitig unter 0431 \/ 5905 555 beim Servicetelefon der Kieler Berufsfeuerwehr zu melden. Die Nummer ist Samstag im Zeitraum 8 Uhr bis 16 Uhr sowie Sonntag ab 07 Uhr erreichbar.<\/p>\n<p>Mitarbeiterinnen und Mitarbeiter der Stadt Kiel verteilen ab heute mehrsprachige Handzettel an alle betroffenen Haushalte. Dar\u00fcber hinaus wird die Bev\u00f6lkerung \u00fcber Warn-Apps informiert. Da erfahrungsgem\u00e4\u00df nicht alle Betroffenen durch Medien und Handzettel erreicht werden, bitten wir darum, sich gegenseitig zu informieren. Insbesondere soll an die Menschen gedacht werden, die kein Deutsch sprechen. Weitere Informationen zur Entsch\u00e4rfung stellt die Stadt Kiel auf ihrer Homepage <a target=\"_blank\" class=\"uri-ext outbound\" rel=\"noopener\" href=\"https:\/\/www.kiel.de\/entschaerfung\">www.kiel.de\/entschaerfung<\/a> zur Verf\u00fcgung.<\/p>\n<p>Etwaige Fahrplan\u00e4nderungen des \u00d6PNV teilt das betroffene Unternehmen auf ihrem  Online-Auftritt (<a target=\"_blank\" class=\"uri-ext outbound\" rel=\"noopener\" href=\"https:\/\/www.kvg-kiel.de\">www.kvg-kiel.de<\/a>) mit.<\/p>\n<p>Die Polizei wird am Evakuierungstag in den Sozialen Medien \u00fcber den Fortlauf des Einsatzes informieren. Die Facebook-Seite der Polizei Kiel und Pl\u00f6n ist unter <a target=\"_blank\" class=\"uri-ext outbound\" rel=\"noopener\" href=\"http:\/\/t1p.de\/pdkielfacebook\">http:\/\/t1p.de\/pdkielfacebook<\/a> abrufbar, der Twitter-Account lautet @SH_Polizei.<\/p>\n<p>Ein Presseteam der Polizeidirektion Kiel ist am Einsatztag unter der Rufnummer 0431-160-2010 erreichbar und befindet sich ab 10:30 Uhr an der Ersatzunterkunft. Pressevertreterinnen und -vertreter haben nach der Entsch\u00e4rfung die M\u00f6glichkeit, am Entsch\u00e4rfungsort O-T\u00f6ne der Mitarbeiter des Kampfmittelr\u00e4umdienstes zu erhalten.<\/p>\n<p>Stephanie Lage, Polizeidirektion Kiel<\/p>\n<p class=\"contact-headline\">R\u00fcckfragen bitte an:<\/p>\n<p class=\"contact-text\">Polizeidirektion Kiel<\/p>\n<p>Pressestelle<br \/>Gartenstra\u00dfe 7<br \/>24103 Kiel<\/p>\n<p>Tel.   +49 (0) 431 160 2010<br \/>E-Mail <a href=\"https:\/\/www.presseportal.de\/blaulicht\/pm\/14626\/mailto: pressestelle.kiel.pd@polizei.landsh.de\" class=\"uri-mailto\" target=\"_blank\" rel=\"noopener\"> pressestelle.kiel.pd@polizei.landsh.de<\/a><\/p>\n<p class=\"originator\">Original-Content von: Polizeidirektion Kiel, \u00fcbermittelt durch news aktuell<\/p>\n","protected":false},"excerpt":{"rendered":"04.07.2025 \u2013 08:34 Polizeidirektion Kiel Ein Dokument KarteKielWik.pdfPDF &#8211; 1,0 MB Kiel (ots) Sonntag entsch\u00e4rft der Kampfmittelr\u00e4umdienst in&hellip;\n","protected":false},"author":2,"featured_media":241043,"comment_status":"","ping_status":"","sticky":false,"template":"","format":"standard","meta":{"footnotes":""},"categories":[1852],"tags":[3364,29,548,663,3934,30,13,4949,177,14,15,121,178,180,179,181,12,1971,17990],"class_list":{"0":"post-241042","1":"post","2":"type-post","3":"status-publish","4":"format-standard","5":"has-post-thumbnail","7":"category-kiel","8":"tag-de","9":"tag-deutschland","10":"tag-eu","11":"tag-europa","12":"tag-europe","13":"tag-germany","14":"tag-headlines","15":"tag-kiel","16":"tag-kriminalitt","17":"tag-nachrichten","18":"tag-news","19":"tag-polizei","20":"tag-presse","21":"tag-pressemeldung","22":"tag-pressemitteilung","23":"tag-pressemitteilungen","24":"tag-schlagzeilen","25":"tag-schleswig-holstein","26":"tag-sh"},"share_on_mastodon":{"url":"https:\/\/pubeurope.com\/@de\/114793620056653129","error":""},"_links":{"self":[{"href":"https:\/\/www.europesays.com\/de\/wp-json\/wp\/v2\/posts\/241042","targetHints":{"allow":["GET"]}}],"collection":[{"href":"https:\/\/www.europesays.com\/de\/wp-json\/wp\/v2\/posts"}],"about":[{"href":"https:\/\/www.europesays.com\/de\/wp-json\/wp\/v2\/types\/post"}],"author":[{"embeddable":true,"href":"https:\/\/www.europesays.com\/de\/wp-json\/wp\/v2\/users\/2"}],"replies":[{"embeddable":true,"href":"https:\/\/www.europesays.com\/de\/wp-json\/wp\/v2\/comments?post=241042"}],"version-history":[{"count":0,"href":"https:\/\/www.europesays.com\/de\/wp-json\/wp\/v2\/posts\/241042\/revisions"}],"wp:featuredmedia":[{"embeddable":true,"href":"https:\/\/www.europesays.com\/de\/wp-json\/wp\/v2\/media\/241043"}],"wp:attachment":[{"href":"https:\/\/www.europesays.com\/de\/wp-json\/wp\/v2\/media?parent=241042"}],"wp:term":[{"taxonomy":"category","embeddable":true,"href":"https:\/\/www.europesays.com\/de\/wp-json\/wp\/v2\/categories?post=241042"},{"taxonomy":"post_tag","embeddable":true,"href":"https:\/\/www.europesays.com\/de\/wp-json\/wp\/v2\/tags?post=241042"}],"curies":[{"name":"wp","href":"https:\/\/api.w.org\/{rel}","templated":true}]}}