{"id":241080,"date":"2025-07-04T07:05:10","date_gmt":"2025-07-04T07:05:10","guid":{"rendered":"https:\/\/www.europesays.com\/de\/241080\/"},"modified":"2025-07-04T07:05:10","modified_gmt":"2025-07-04T07:05:10","slug":"wann-ist-er-und-was-wird-genau-gefeiert-3","status":"publish","type":"post","link":"https:\/\/www.europesays.com\/de\/241080\/","title":{"rendered":"Wann ist er und was wird genau gefeiert?"},"content":{"rendered":"<p class=\"mb-6 text-xs md:text-m lg:text-l font-serif group-[.font-sans]:font-sans \">\n    Der Independence Day ist der Unabh\u00e4ngigkeitstag der USA. Er wird jedes Jahr am 4. Juli gefeiert und deshalb auch als &#8218;Fourth of July&#8216; bezeichnet. Zahlreiche US-Amerikaner picknicken an diesem Tag mit Freunden und Familie, in vielen St\u00e4dten finden patriotische Paraden, Feuerwerke und Konzerte statt. Im Strandbezirk Coney Island in New York wird am Independence Day jedes Jahr ein Hotdog-Wettessen ausgetragen.\n  <\/p>\n<p class=\"mb-6 text-xs md:text-m lg:text-l font-serif group-[.font-sans]:font-sans \">\n    \u00dcbrigens: Bei uns finden Sie <a href=\"https:\/\/www.augsburger-allgemeine.de\/panorama\/alle-feiertage-in-deutschland-2025-und-2026-alle-termine-wann-ist-der-naechste-feiertag-1-3-25-104053676\" target=\"_blank\" class=\"underline \" rel=\"nofollow noopener\">die Termine f\u00fcr alle gesetzlichen Feiertage in Deutschland<\/a>.\n  <\/p>\n<p>            Independence Day 2025: Was feiern die Menschen in den USA am 4. Juli?<\/p>\n<p class=\"mb-6 text-xs md:text-m lg:text-l font-serif group-[.font-sans]:font-sans \">\n    An 4. Juli feiern die US-Amerikaner den Beginn einer eigenst\u00e4ndigen Nation: Am 4. Juli 1776 ratifizierten Vertreter der urspr\u00fcnglichen 13 Kolonien die Unabh\u00e4ngigkeitserkl\u00e4rung, mit der sie sich von England lossagten. In diesem Dokument tauchte erstmals die Bezeichnung &#8222;Vereinigte Staaten von Amerika&#8220; auf.\n  <\/p>\n<p>            Vereinigte Staaten am 4. Juli 1776: Wie kam es zur Unabh\u00e4ngigkeit?<\/p>\n<p class=\"mb-6 text-xs md:text-m lg:text-l font-serif group-[.font-sans]:font-sans \">\n    Gegen Ende des 18. Jahrhunderts geh\u00f6rten die meisten Kolonien in Nordamerika zu England &#8211; und wurden deshalb auch als Neu-England-Staaten bezeichnet. Zwar hatten sie eigene Parlamente, die eigenst\u00e4ndig Gesetze erlassen konnten. In wirtschaftlichen Dingen war jedoch weiterhin das Parlament in London zust\u00e4ndig.\n  <\/p>\n<p class=\"mb-6 text-xs md:text-m lg:text-l font-serif group-[.font-sans]:font-sans \">\n    Die britische Krone wollte so viel Geld wie m\u00f6glich mit ihren Kolonien verdienen, unter anderem um Kriegskosten zu kompensieren, und betrachtete die Neu-England-Staaten als Rohstofflieferant und Absatzmarkt. Dabei vernachl\u00e4ssigte sie aber die Interessen der dortigen Bev\u00f6lkerung. Die Siedler, die nach Nordamerika ausgewandert waren und dort immer st\u00e4rker Fu\u00df fassten, wollten jedoch nicht l\u00e4nger Steuern an die britische Krone zahlen, ohne daf\u00fcr im Gegenzug im Parlament in London vertreten zu sein. Das Verh\u00e4ltnis zwischen London und den Neu-England-Staaten k\u00fchlte immer weit ab. Schlie\u00dflich schickte London milit\u00e4rische Kr\u00e4fte nach Nordamerika, die aber ebenfalls nicht verhindern konnten, dass sich die Siedler von England lossagen wollte.\n  <\/p>\n<p class=\"mb-6 text-xs md:text-m lg:text-l font-serif group-[.font-sans]:font-sans \">\n    Beim zweiten Kontinentalkongress, der 1775 begann, berieten Vertreter von zw\u00f6lf der dreizehn Kolonien \u00fcber eine Revolution gegen England. In einer ersten Resolution hielten sie dabei fest, &#8222;dass diese Vereinigten Kolonien freie und unabh\u00e4ngige Staaten sind, dass sie von aller Pflicht und Treuergebenheit gegen die Britische Krone frei- und losgesprochen sind, und dass alle politische Verbindung zwischen ihnen und dem Staat von Gro\u00dfbritannien hiermit g\u00e4nzlich aufgehoben ist&#8220;.\n  <\/p>\n<p class=\"mb-6 text-xs md:text-m lg:text-l font-serif group-[.font-sans]:font-sans \">\n    Vorgelegt wurde der Entwurf der Unabh\u00e4ngigkeitserkl\u00e4rung bereits am 2. Juli 1776, doch erst am 4. Juli 1776 unterschrieben die im Kongress versammelten Vertreter der dreizehn Gr\u00fcnderstaaten der USA die &#8222;Declaration of Independence&#8220;. Obwohl rechtlich gesehen die Vereinigten Staaten von Amerika erst mit der Ratifizierung der US-Verfassung im Jahr 1781 entstanden, gilt der 4. Juli heute als Gr\u00fcndungstag der USA.\n  <\/p>\n<p>            Seit wann wird der Independence Day gefeiert?<\/p>\n<p class=\"mb-6 text-xs md:text-m lg:text-l font-serif group-[.font-sans]:font-sans \">\n    Erstmals wurde der Name &#8222;Independence Day&#8220; im Jahr 1791 verwendet. Gefeiert wurde die Unabh\u00e4ngigkeit aber auch schon in den Jahren zuvor, wenn auch in deutlich kleinerem Umfang als heutzutage. So wurden zum Beispiel am ersten Jahrestag 1777 in Bristol morgens und abends je dreizehn Sch\u00fcsse abgefeuert &#8211; einer f\u00fcr jeden der 13 Gr\u00fcnderstaaten der USA.\n  <\/p>\n<p class=\"mb-6 text-xs md:text-m lg:text-l font-serif group-[.font-sans]:font-sans \">\n    Ein wenig gr\u00f6\u00dfer wurde der erste Jahrestag in Philadelphia gefeiert. Dort gab es ein offizielles Abendessen f\u00fcr den Kongress, ebenfalls dreizehn Salutsch\u00fcsse, Paraden und Feuerwerke. Zudem wurden Schiffe rot, blau und wei\u00df dekoriert &#8211; den Farben der US-amerikanischen Flagge.\n  <\/p>\n<p class=\"mb-6 text-xs md:text-m lg:text-l font-serif group-[.font-sans]:font-sans \">\n    1778 machte George Washington seinen Soldaten am 4. Juli ein Geschenk: Er lie\u00df ihnen eine doppelte Ration Rum zukommen.\n  <\/p>\n<p>            Kuriosit\u00e4ten rund um den Independence Day am 4. Juli<\/p>\n<p class=\"mb-6 text-xs md:text-m lg:text-l font-serif group-[.font-sans]:font-sans \">\n    Verschw\u00f6rungstheoretiker haben ihre helle Freude am Independence Day am 4. Juli: Sowohl John Adams, der zweite Pr\u00e4sident der Vereinigten Staaten, als auch sein Nachfolger Thomas Jefferson starben am 4. Juli 1826 &#8211; dem 50. Jahrestag der Unabh\u00e4ngigkeit der Vereinigten Staaten. Und auch Zachary Taylor, der zw\u00f6lfte Pr\u00e4sident der Vereinigten Staaten, starb an einem 4. Juli. Trotz gl\u00fchender Hitze hielt er 1850 eine patriotische Rede, erfrischte sich dabei mit Eiswasser \u2013 und zog sich dadurch eine akute Magen-Darm-Entz\u00fcndung zu, die ihn das Leben kostete.\n  <\/p>\n<ul data-module-id=\"DragDropModule\" class=\"flex flex-wrap justify-start group-[.no-bookmarks]:hidden\">\n<li class=\"mb-3 mr-3\">\n    Sandra Liermann<\/p>\n<p>      Icon Haken im Kreis gesetzt<\/p>\n<p>      Icon Plus im Kreis<\/p>\n<\/li>\n<li class=\"mb-3 mr-3\">\n    Independence<\/p>\n<p>      Icon Haken im Kreis gesetzt<\/p>\n<p>      Icon Plus im Kreis<\/p>\n<\/li>\n<li class=\"mb-3 mr-3\">\n    USA<\/p>\n<p>      Icon Haken im Kreis gesetzt<\/p>\n<p>      Icon Plus im Kreis<\/p>\n<\/li>\n<\/ul>\n","protected":false},"excerpt":{"rendered":"Der Independence Day ist der Unabh\u00e4ngigkeitstag der USA. Er wird jedes Jahr am 4. Juli gefeiert und deshalb&hellip;\n","protected":false},"author":2,"featured_media":169215,"comment_status":"","ping_status":"","sticky":false,"template":"","format":"standard","meta":{"footnotes":""},"categories":[3977],"tags":[331,332,13,14,15,12,4017,4018,4016,64,4019,4020],"class_list":{"0":"post-241080","1":"post","2":"type-post","3":"status-publish","4":"format-standard","5":"has-post-thumbnail","7":"category-usa","8":"tag-aktuelle-nachrichten","9":"tag-aktuelle-news","10":"tag-headlines","11":"tag-nachrichten","12":"tag-news","13":"tag-schlagzeilen","14":"tag-united-states","15":"tag-united-states-of-america","16":"tag-us","17":"tag-usa","18":"tag-vereinigte-staaten","19":"tag-vereinigte-staaten-von-amerika"},"share_on_mastodon":{"url":"https:\/\/pubeurope.com\/@de\/114793698260642182","error":""},"_links":{"self":[{"href":"https:\/\/www.europesays.com\/de\/wp-json\/wp\/v2\/posts\/241080","targetHints":{"allow":["GET"]}}],"collection":[{"href":"https:\/\/www.europesays.com\/de\/wp-json\/wp\/v2\/posts"}],"about":[{"href":"https:\/\/www.europesays.com\/de\/wp-json\/wp\/v2\/types\/post"}],"author":[{"embeddable":true,"href":"https:\/\/www.europesays.com\/de\/wp-json\/wp\/v2\/users\/2"}],"replies":[{"embeddable":true,"href":"https:\/\/www.europesays.com\/de\/wp-json\/wp\/v2\/comments?post=241080"}],"version-history":[{"count":0,"href":"https:\/\/www.europesays.com\/de\/wp-json\/wp\/v2\/posts\/241080\/revisions"}],"wp:featuredmedia":[{"embeddable":true,"href":"https:\/\/www.europesays.com\/de\/wp-json\/wp\/v2\/media\/169215"}],"wp:attachment":[{"href":"https:\/\/www.europesays.com\/de\/wp-json\/wp\/v2\/media?parent=241080"}],"wp:term":[{"taxonomy":"category","embeddable":true,"href":"https:\/\/www.europesays.com\/de\/wp-json\/wp\/v2\/categories?post=241080"},{"taxonomy":"post_tag","embeddable":true,"href":"https:\/\/www.europesays.com\/de\/wp-json\/wp\/v2\/tags?post=241080"}],"curies":[{"name":"wp","href":"https:\/\/api.w.org\/{rel}","templated":true}]}}