{"id":241113,"date":"2025-07-04T07:26:09","date_gmt":"2025-07-04T07:26:09","guid":{"rendered":"https:\/\/www.europesays.com\/de\/241113\/"},"modified":"2025-07-04T07:26:09","modified_gmt":"2025-07-04T07:26:09","slug":"niedersachsen-bremen-grossbrand-in-entsorgungszentrum-in-wilsum","status":"publish","type":"post","link":"https:\/\/www.europesays.com\/de\/241113\/","title":{"rendered":"Niedersachsen &#038; Bremen: Gro\u00dfbrand in Entsorgungszentrum in Wilsum"},"content":{"rendered":"<p>                    Niedersachsen &amp; Bremen<br \/>\n                Gro\u00dfbrand in Entsorgungszentrum in Wilsum<\/p>\n<p>\t\t\t\t              04.07.2025, 07:50 Uhr<\/p>\n<p><strong>Als die Feuerwehr eintrifft, brannten bereits das Dach einer Halle und ein F\u00f6rderband. Insgesamt waren rund 90 Einsatzkr\u00e4fte im Einsatz.<\/strong><\/p>\n<p>Wilsum (dpa\/lni) &#8211; Ein Brand im Entsorgungszentrum Wilsum (Landkreis Grafschaft Bentheim) hat am Donnerstagabend einen Gro\u00dfeinsatz der Feuerwehr ausgel\u00f6st. Laut Polizei schlug die automatische Brandmeldeanlage auf dem Gel\u00e4nde an der Kiesstra\u00dfe Alarm. Als die ersten Einsatzkr\u00e4fte eintrafen, waren Flammen im Dachbereich einer Halle sichtbar, wie es hie\u00df. Auch ein F\u00f6rderband zur M\u00fcllbef\u00f6rderung habe bereits gebrannt. Um eine weitere Ausbreitung zu verhindern, wurde das Band im Laufe der L\u00f6scharbeiten gezielt mit einem Bagger zerteilt. Verletzt wurde niemand.\u00a0<\/p>\n<p>Dank des schnellen Eingreifens habe ein \u00dcbergreifen des Feuers auf benachbarte Hallen verhindert werden k\u00f6nnen. Allerdings sei es zu einer starken Rauchentwicklung gekommen. Laut Feuerwehr bestand f\u00fcr die Bev\u00f6lkerung keine Gefahr. Insgesamt waren rund 90 Einsatzkr\u00e4fte aus Wilsum, Itterbeck, Uelsen, Nordhorn und Neuenhaus vor Ort. Der Schaden liegt nach ersten Sch\u00e4tzungen bei rund 800.000 Euro. Die Ermittlungen zur Brandursache dauern an.<\/p>\n","protected":false},"excerpt":{"rendered":"Niedersachsen &amp; Bremen Gro\u00dfbrand in Entsorgungszentrum in Wilsum 04.07.2025, 07:50 Uhr Als die Feuerwehr eintrifft, brannten bereits das&hellip;\n","protected":false},"author":2,"featured_media":241114,"comment_status":"","ping_status":"","sticky":false,"template":"","format":"standard","meta":{"footnotes":""},"categories":[1824],"tags":[2420,3364,29,75281,30,6321,1411,75282],"class_list":{"0":"post-241113","1":"post","2":"type-post","3":"status-publish","4":"format-standard","5":"has-post-thumbnail","7":"category-bremen","8":"tag-bremen","9":"tag-de","10":"tag-deutschland","11":"tag-entsorgungszentrum","12":"tag-germany","13":"tag-grobrand","14":"tag-niedersachsen","15":"tag-wilsum"},"share_on_mastodon":{"url":"https:\/\/pubeurope.com\/@de\/114793780582037212","error":""},"_links":{"self":[{"href":"https:\/\/www.europesays.com\/de\/wp-json\/wp\/v2\/posts\/241113","targetHints":{"allow":["GET"]}}],"collection":[{"href":"https:\/\/www.europesays.com\/de\/wp-json\/wp\/v2\/posts"}],"about":[{"href":"https:\/\/www.europesays.com\/de\/wp-json\/wp\/v2\/types\/post"}],"author":[{"embeddable":true,"href":"https:\/\/www.europesays.com\/de\/wp-json\/wp\/v2\/users\/2"}],"replies":[{"embeddable":true,"href":"https:\/\/www.europesays.com\/de\/wp-json\/wp\/v2\/comments?post=241113"}],"version-history":[{"count":0,"href":"https:\/\/www.europesays.com\/de\/wp-json\/wp\/v2\/posts\/241113\/revisions"}],"wp:featuredmedia":[{"embeddable":true,"href":"https:\/\/www.europesays.com\/de\/wp-json\/wp\/v2\/media\/241114"}],"wp:attachment":[{"href":"https:\/\/www.europesays.com\/de\/wp-json\/wp\/v2\/media?parent=241113"}],"wp:term":[{"taxonomy":"category","embeddable":true,"href":"https:\/\/www.europesays.com\/de\/wp-json\/wp\/v2\/categories?post=241113"},{"taxonomy":"post_tag","embeddable":true,"href":"https:\/\/www.europesays.com\/de\/wp-json\/wp\/v2\/tags?post=241113"}],"curies":[{"name":"wp","href":"https:\/\/api.w.org\/{rel}","templated":true}]}}