{"id":241119,"date":"2025-07-04T07:30:11","date_gmt":"2025-07-04T07:30:11","guid":{"rendered":"https:\/\/www.europesays.com\/de\/241119\/"},"modified":"2025-07-04T07:30:11","modified_gmt":"2025-07-04T07:30:11","slug":"bvb-nach-sieg-gegen-monterrey-kovac-bringt-fans-auf-die-palme","status":"publish","type":"post","link":"https:\/\/www.europesays.com\/de\/241119\/","title":{"rendered":"BVB: Nach Sieg gegen Monterrey &#8211; Kovac bringt Fans auf die Palme"},"content":{"rendered":"<p>Der BVB hat den Einzug ins Viertelfinale der Klub-WM geschafft. Ein dem 2:1-Sieg \u00fcber CF Monterrey reichte Schwarz-Gelb am Ende f\u00fcr die n\u00e4chste Runde und das Duell gegen Real Madrid im Viertelfinale.<\/p>\n<p>Einmal mehr bekleckerte sich Borussia Dortmund bei der Klub-WM jedoch nicht gerade mit Ruhm. Auf die bisher wohl beste Halbzeit des Turniers folgt ein sehr durchwachsener zweiter Durchgang, in dem der BVB auch das Qu\u00e4ntchen Gl\u00fcck auf seiner Seite hatte. Umso \u00fcberraschender sind nun die Worte von Trainer Niko Kovac nach der Partie. <\/p>\n<p>Borussia Dortmund hat bereits \u201e\u00fcberperformt\u201c<\/p>\n<p>Fluminense, Mamelodi Sundowns und Ulsan HD FC. <a href=\"https:\/\/www.derwesten.de\/sport\/fussball\/bvb\" target=\"_blank\" rel=\"noreferrer noopener\">Borussia Dortmund<\/a> hat bei der Klub-WM eine der wohl leichtesten Gruppen zugelost bekommen. Ein Gruppen-Aus gegen diese Mannschaften h\u00e4tte letztendlich wohl einem echten Desaster geglichen, schlie\u00dflich ist der BVB seinen Gegnern \u2013 zumindest auf dem Papier \u2013 deutlich \u00fcberlegen gewesen.<\/p>\n<p><strong>Auch interessant: <\/strong><a href=\"https:\/\/www.derwesten.de\/sport\/fussball\/bvb\/borussia-dortmund-aguado-real-madrid-transfer-id301660705.html\" target=\"_blank\" rel=\"noreferrer noopener\">Borussia Dortmund bereitet Angebot vor: Geht jetzt alles ganz schnell?<\/a><\/p>\n<p>Coach Kovac scheint das jedoch etwas anders zu sehen. Denn nach dem j\u00fcngsten Achtelfinal-Sieg \u00fcber Monterrey gab der Dortmunder \u00dcbungsleiter gegen\u00fcber \u201eDAZN\u201c zu Protokoll: \u201eDadurch, dass wir die Gruppenphase \u00fcberstanden haben, haben wir bereits \u00fcberperformt. Nun gegen den gr\u00f6\u00dften Verein der Welt zu spielen, ist ein sch\u00f6ner Bonus.\u201c Bitte was?<\/p>\n<p>BVB erstmals in der Au\u00dfenseiterrolle<\/p>\n<p>Auf sportlicher Ebene sind die Worte von Kovac sicher nur schwer nachzuvollziehen, denn angesichts der bisherigen Gegner bei der <a href=\"https:\/\/www.derwesten.de\/themen\/klub-wm\" target=\"_blank\" rel=\"noreferrer noopener\">Klub-WM<\/a> hat der BVB mit drei Siegen und einem Unterschied wohl eher unterperformt \u2013 besonders wenn man auf die Leistungen blickt. Allerdings k\u00f6nnte der 53-J\u00e4hrige auch auf die finanziellen Gewinne abzielen, die Borussia Dortmund derzeit einf\u00e4hrt. Dort k\u00f6nnte man durch den Viertelfinal-Einzug bereits \u00fcber den Planungen liegen.<\/p>\n<p>Mehr Nachrichten f\u00fcr Dich: <\/p>\n<p>In der Runde der letzten Acht wartet auf den BVB am <a href=\"https:\/\/www.derwesten.de\/sport\/fussball\/bvb\/borussia-dortmund-bvb-tv-livestream-sky-dazn-klub-wm-cf-monterrey-id300374220.html\" target=\"_blank\" rel=\"noreferrer noopener\">Samstag (5. Juli)<\/a> jedenfalls der erste richtige H\u00e4rtetest. Gegen Real Madrid geht Schwarz-Gelb als klarer Au\u00dfenseiter in die Partie. Das wei\u00df auch Gregor Kobel: \u201eWir m\u00fcssen einen guten Tag erwischen, frei spielen, Gas geben, k\u00e4mpfen \u2013 und schauen, ob wir ein bisschen gegenhalten k\u00f6nnen.\u201c In Dortmund bleibt man also bescheiden \u2013 wie der Trainer, so der Torwart.<\/p>\n","protected":false},"excerpt":{"rendered":"Der BVB hat den Einzug ins Viertelfinale der Klub-WM geschafft. Ein dem 2:1-Sieg \u00fcber CF Monterrey reichte Schwarz-Gelb&hellip;\n","protected":false},"author":2,"featured_media":241120,"comment_status":"","ping_status":"","sticky":false,"template":"","format":"standard","meta":{"footnotes":""},"categories":[1833],"tags":[3364,29,217,30,13975,13993,1209],"class_list":{"0":"post-241119","1":"post","2":"type-post","3":"status-publish","4":"format-standard","5":"has-post-thumbnail","7":"category-dortmund","8":"tag-de","9":"tag-deutschland","10":"tag-dortmund","11":"tag-germany","12":"tag-klub-wm","13":"tag-niko-kovac","14":"tag-nordrhein-westfalen"},"share_on_mastodon":{"url":"","error":""},"_links":{"self":[{"href":"https:\/\/www.europesays.com\/de\/wp-json\/wp\/v2\/posts\/241119","targetHints":{"allow":["GET"]}}],"collection":[{"href":"https:\/\/www.europesays.com\/de\/wp-json\/wp\/v2\/posts"}],"about":[{"href":"https:\/\/www.europesays.com\/de\/wp-json\/wp\/v2\/types\/post"}],"author":[{"embeddable":true,"href":"https:\/\/www.europesays.com\/de\/wp-json\/wp\/v2\/users\/2"}],"replies":[{"embeddable":true,"href":"https:\/\/www.europesays.com\/de\/wp-json\/wp\/v2\/comments?post=241119"}],"version-history":[{"count":0,"href":"https:\/\/www.europesays.com\/de\/wp-json\/wp\/v2\/posts\/241119\/revisions"}],"wp:featuredmedia":[{"embeddable":true,"href":"https:\/\/www.europesays.com\/de\/wp-json\/wp\/v2\/media\/241120"}],"wp:attachment":[{"href":"https:\/\/www.europesays.com\/de\/wp-json\/wp\/v2\/media?parent=241119"}],"wp:term":[{"taxonomy":"category","embeddable":true,"href":"https:\/\/www.europesays.com\/de\/wp-json\/wp\/v2\/categories?post=241119"},{"taxonomy":"post_tag","embeddable":true,"href":"https:\/\/www.europesays.com\/de\/wp-json\/wp\/v2\/tags?post=241119"}],"curies":[{"name":"wp","href":"https:\/\/api.w.org\/{rel}","templated":true}]}}