{"id":241178,"date":"2025-07-04T08:02:12","date_gmt":"2025-07-04T08:02:12","guid":{"rendered":"https:\/\/www.europesays.com\/de\/241178\/"},"modified":"2025-07-04T08:02:12","modified_gmt":"2025-07-04T08:02:12","slug":"zahlreiche-verletzte-in-kiew-550-drohnen-und-raketen-ukraine-meldet-groessten-russischen-luftangriff-seit-kriegsbeginn","status":"publish","type":"post","link":"https:\/\/www.europesays.com\/de\/241178\/","title":{"rendered":"Zahlreiche Verletzte in Kiew: 550 Drohnen und Raketen &#8211; Ukraine meldet gr\u00f6\u00dften russischen Luftangriff seit Kriegsbeginn"},"content":{"rendered":"<p>                    Zahlreiche Verletzte in Kiew<br \/>\n                550 Drohnen und Raketen &#8211; Ukraine meldet gr\u00f6\u00dften russischen Luftangriff seit Kriegsbeginn<\/p>\n<p>\t\t\t\t              04.07.2025, 07:23 Uhr<\/p>\n<p>\t\t\t\t\t       Artikel anh\u00f6ren<\/p>\n<p>\t\t\t\t\t\t\tDiese Audioversion wurde k\u00fcnstlich generiert. <a href=\"https:\/\/www.n-tv.de\/23249898\" target=\"_blank\" rel=\"noopener\">Mehr Infos<\/a><\/p>\n<p><strong>In der Nacht greift Russland die Ukraine erneut massiv aus der Luft an. Nach ukrainischen Angaben setzt das russische Milit\u00e4r dabei eine Rekordzahl an Drohnen und Raketen ein. In Kiew werden viele Menschen verletzt. Pr\u00e4sident Selenskyj hofft derweil auf mehr Hilfe aus Europa. <\/strong><\/p>\n<p>Russland hat die ukrainische Hauptstadt Kiew mit Dutzenden Kampfdrohnen und Raketen angegriffen. Mindestens 23 Menschen seien verletzt worden, teilte B\u00fcrgermeister Vitali Klitschko mit. Nach Angaben des Zivilschutzes ist auch ein zehn Jahre altes M\u00e4dchen unter den Verletzten. <\/p>\n<p>&#8222;Nach vorl\u00e4ufigen Informationen haben wir mehrere Br\u00e4nde im Stadtbezirk Solomjanka&#8220;, schrieb Milit\u00e4rverwaltungschef Tymur Tkatschenko bei Telegram. Es handele sich bei allen Br\u00e4nden um Wohnh\u00e4user. Auch in anderen Stadtteilen seien durch Drohnen verursachte Sch\u00e4den festgestellt worden. Flugabwehrfeuer war stundenlang im Stadtgebiet zu h\u00f6ren.<\/p>\n<p>Nach Angaben der ukrainischen Luftwaffe setzte Russland in der Nacht insgesamt 539 Kampfdrohnen, 7 Raketen und 4 Marschflugk\u00f6rper gegen sein Nachbarland ein. 270 Geschosse seien abgewehrt, 208 weitere durch elektronische Flugabwehr vom Kurs abgebracht worden, teilte die Luftwaffe auf Telegram mit. Demnach handelt es sich um den gr\u00f6\u00dften russischen Luftangriff seit Kriegsbeginn. <\/p>\n<p>Auch eine Hyperschallrakete Kinschal (&#8222;Dolch&#8220;) habe das russische Milit\u00e4r auf Kiew abgefeuert. In mehreren Wellen wurden zudem ballistische Raketen und Marschflugk\u00f6rper auf Ziele in der Hauptstadt und im Umland abgefeuert. Laut unbest\u00e4tigten Angaben war ein Hauptziel der Milit\u00e4rflugplatz Wassylkiw s\u00fcdlich der Dreimillionenstadt. <\/p>\n<\/p>\n<p>Nur wenige Stunden vor dem gro\u00dfangelegten Angriff hatte US-Pr\u00e4sident Donald Trump mit dem russischen Machthaber Wladimir Putin telefoniert. Die Ukraine wehrt sich seit mehr als drei Jahren gegen den russischen Angriffskrieg und dr\u00e4ngt seine westlichen Verb\u00fcndeten immer wieder zu einer St\u00e4rkung der Flugabwehr. <\/p>\n<p>D\u00e4nemark: Europa muss US-L\u00fccken f\u00fcllen<\/p>\n<p>Waffenlieferungen f\u00fcr die Ukraine sowie neue scharfe Sanktionen gegen Russland seien entscheidend f\u00fcr die Sicherheit Europas, sagte der ukrainische Pr\u00e4sident Wolodymyr Selenskyj bei einem Treffen anl\u00e4sslich der \u00dcbernahme des EU-Ratsvorsitzes durch D\u00e4nemark in Aarhus. Die Sanktionen seien so zu gestalten, dass Moskau nichts mehr erhalte, was f\u00fcr die Waffenherstellung verwendet werden kann.<\/p>\n<p>US-Medien hatten von einem amerikanischen Lieferstopp bestimmter Raketen und Munition an die Ukraine berichtet &#8211; obwohl diese schon zugesagt waren. Das ukrainische Verteidigungsministerium teilte daraufhin mit, dass es offiziell nicht \u00fcber eine &#8222;Einstellung oder Revision der Lieferpl\u00e4ne f\u00fcr die vereinbarte Milit\u00e4rhilfe&#8220; informiert worden sei. Man habe ein Telefongespr\u00e4ch mit den US-Kollegen f\u00fcr eine zus\u00e4tzliche Kl\u00e4rung der Details angefragt.<\/p>\n<p>Ein US-Waffenlieferstopp m\u00fcsste auch aus Sicht des neuen EU-Ratsvorsitzenden D\u00e4nemark von den europ\u00e4ischen Staaten aufgefangen werden. Nat\u00fcrlich w\u00e4re es ein gro\u00dfer R\u00fcckschlag f\u00fcr die Ukraine, Europa und die Nato, wenn die USA sich dazu entschieden, der Ukraine nicht das zu liefern, was sie brauche, sagte die d\u00e4nische Ministerpr\u00e4sidentin Mette Frederiksen auf einer Pressekonferenz. Man werde sich die in Washington get\u00e4tigten Entscheidungen anschauen, und wenn daraus L\u00fccken entst\u00fcnden, dann m\u00fcssten diese gef\u00fcllt werden, sagte Frederiksen. &#8222;Wir als Europ\u00e4er m\u00fcssen liefern, was auf dem Schlachtfeld ben\u00f6tigt wird.&#8220;<\/p>\n","protected":false},"excerpt":{"rendered":"Zahlreiche Verletzte in Kiew 550 Drohnen und Raketen &#8211; Ukraine meldet gr\u00f6\u00dften russischen Luftangriff seit Kriegsbeginn 04.07.2025, 07:23&hellip;\n","protected":false},"author":2,"featured_media":241179,"comment_status":"","ping_status":"","sticky":false,"template":"","format":"standard","meta":{"footnotes":""},"categories":[3],"tags":[661,13,5793,14,15,16,307,12,10,8,9,11,3081,4743,103,107,104],"class_list":{"0":"post-241178","1":"post","2":"type-post","3":"status-publish","4":"format-standard","5":"has-post-thumbnail","7":"category-welt","8":"tag-angriff-auf-die-ukraine","9":"tag-headlines","10":"tag-kiew","11":"tag-nachrichten","12":"tag-news","13":"tag-politik","14":"tag-russland","15":"tag-schlagzeilen","16":"tag-top-news","17":"tag-top-meldungen","18":"tag-topmeldungen","19":"tag-topnews","20":"tag-ukraine-konflikt","21":"tag-waffen","22":"tag-welt","23":"tag-wolodymyr-selenskyj","24":"tag-world"},"share_on_mastodon":{"url":"https:\/\/pubeurope.com\/@de\/114793922172283478","error":""},"_links":{"self":[{"href":"https:\/\/www.europesays.com\/de\/wp-json\/wp\/v2\/posts\/241178","targetHints":{"allow":["GET"]}}],"collection":[{"href":"https:\/\/www.europesays.com\/de\/wp-json\/wp\/v2\/posts"}],"about":[{"href":"https:\/\/www.europesays.com\/de\/wp-json\/wp\/v2\/types\/post"}],"author":[{"embeddable":true,"href":"https:\/\/www.europesays.com\/de\/wp-json\/wp\/v2\/users\/2"}],"replies":[{"embeddable":true,"href":"https:\/\/www.europesays.com\/de\/wp-json\/wp\/v2\/comments?post=241178"}],"version-history":[{"count":0,"href":"https:\/\/www.europesays.com\/de\/wp-json\/wp\/v2\/posts\/241178\/revisions"}],"wp:featuredmedia":[{"embeddable":true,"href":"https:\/\/www.europesays.com\/de\/wp-json\/wp\/v2\/media\/241179"}],"wp:attachment":[{"href":"https:\/\/www.europesays.com\/de\/wp-json\/wp\/v2\/media?parent=241178"}],"wp:term":[{"taxonomy":"category","embeddable":true,"href":"https:\/\/www.europesays.com\/de\/wp-json\/wp\/v2\/categories?post=241178"},{"taxonomy":"post_tag","embeddable":true,"href":"https:\/\/www.europesays.com\/de\/wp-json\/wp\/v2\/tags?post=241178"}],"curies":[{"name":"wp","href":"https:\/\/api.w.org\/{rel}","templated":true}]}}