{"id":241200,"date":"2025-07-04T08:14:26","date_gmt":"2025-07-04T08:14:26","guid":{"rendered":"https:\/\/www.europesays.com\/de\/241200\/"},"modified":"2025-07-04T08:14:26","modified_gmt":"2025-07-04T08:14:26","slug":"heidelberg-mannheim-feuerwehreinsatz-legt-wohl-bahnstrecke-lahm-polizeiberichte-aus-rhein-neckar-odenwald","status":"publish","type":"post","link":"https:\/\/www.europesays.com\/de\/241200\/","title":{"rendered":"Heidelberg\/Mannheim: Feuerwehreinsatz legt wohl Bahnstrecke lahm &#8211; Polizeiberichte aus Rhein-Neckar-Odenwald"},"content":{"rendered":"<p>Heidelberg\/Mannheim. (msc) Im morgendlichen Pendlerverkehr gab es offenbar Probleme auf der Bahnstrecke zwischen Heidelberg und Mannheim. Wie die Bahn auf ihrer Internetseite mitteilte, findet entlang der Strecke aktuell ein Feuerwehreinsatz statt, der diese Ma\u00dfnahme erforderlich macht. Die Polizei vermutet einen Zusammenhang mit einem Feuer an der Bundesstra\u00dfe B36, welches allerdings bereits gel\u00f6scht ist.<\/p>\n<p>Bis die Strecke zwischen den beiden Hauptbahnh\u00f6fen der St\u00e4dte wieder freigegeben ist, hat die Bahn f\u00fcr die Linien S1, S2, S3, S5, S51, RE60, RB67\/68 und RE1 einen Ersatzverkehr geplant und warnt davor, dass es hier zu Versp\u00e4tungen kommen kann.<\/p>\n","protected":false},"excerpt":{"rendered":"Heidelberg\/Mannheim. (msc) Im morgendlichen Pendlerverkehr gab es offenbar Probleme auf der Bahnstrecke zwischen Heidelberg und Mannheim. Wie die&hellip;\n","protected":false},"author":2,"featured_media":241201,"comment_status":"","ping_status":"","sticky":false,"template":"","format":"standard","meta":{"footnotes":""},"categories":[1845],"tags":[1634,3364,29,548,663,3934,30,13,2096,14,15,17343,12],"class_list":{"0":"post-241200","1":"post","2":"type-post","3":"status-publish","4":"format-standard","5":"has-post-thumbnail","7":"category-mannheim","8":"tag-baden-wuerttemberg","9":"tag-de","10":"tag-deutschland","11":"tag-eu","12":"tag-europa","13":"tag-europe","14":"tag-germany","15":"tag-headlines","16":"tag-mannheim","17":"tag-nachrichten","18":"tag-news","19":"tag-polizei-blaulicht-heidelberg-mannheim-rhein-neckar-metropolregion-sinsheim-kraichgau-neckarodenwald-odenwald-bauland-heilbronn","20":"tag-schlagzeilen"},"share_on_mastodon":{"url":"https:\/\/pubeurope.com\/@de\/114793969529961496","error":""},"_links":{"self":[{"href":"https:\/\/www.europesays.com\/de\/wp-json\/wp\/v2\/posts\/241200","targetHints":{"allow":["GET"]}}],"collection":[{"href":"https:\/\/www.europesays.com\/de\/wp-json\/wp\/v2\/posts"}],"about":[{"href":"https:\/\/www.europesays.com\/de\/wp-json\/wp\/v2\/types\/post"}],"author":[{"embeddable":true,"href":"https:\/\/www.europesays.com\/de\/wp-json\/wp\/v2\/users\/2"}],"replies":[{"embeddable":true,"href":"https:\/\/www.europesays.com\/de\/wp-json\/wp\/v2\/comments?post=241200"}],"version-history":[{"count":0,"href":"https:\/\/www.europesays.com\/de\/wp-json\/wp\/v2\/posts\/241200\/revisions"}],"wp:featuredmedia":[{"embeddable":true,"href":"https:\/\/www.europesays.com\/de\/wp-json\/wp\/v2\/media\/241201"}],"wp:attachment":[{"href":"https:\/\/www.europesays.com\/de\/wp-json\/wp\/v2\/media?parent=241200"}],"wp:term":[{"taxonomy":"category","embeddable":true,"href":"https:\/\/www.europesays.com\/de\/wp-json\/wp\/v2\/categories?post=241200"},{"taxonomy":"post_tag","embeddable":true,"href":"https:\/\/www.europesays.com\/de\/wp-json\/wp\/v2\/tags?post=241200"}],"curies":[{"name":"wp","href":"https:\/\/api.w.org\/{rel}","templated":true}]}}