{"id":241217,"date":"2025-07-04T08:24:18","date_gmt":"2025-07-04T08:24:18","guid":{"rendered":"https:\/\/www.europesays.com\/de\/241217\/"},"modified":"2025-07-04T08:24:18","modified_gmt":"2025-07-04T08:24:18","slug":"bochumerin-45-nach-unfall-schwer-verletzt","status":"publish","type":"post","link":"https:\/\/www.europesays.com\/de\/241217\/","title":{"rendered":"Bochumerin (45) nach Unfall schwer verletzt"},"content":{"rendered":"<p>Nach einem Verkehrsunfall am gestrigen 03. Juni, gegen 14.30 Uhr, ist ein 45-j\u00e4hrige Bochumerin schwer verletzt worden.<\/p>\n<p>Ein 84-j\u00e4hrige Bochumerin fuhr mit ihrem Auto auf der Gr\u00e4fin-Imma-Stra\u00dfe und wollte nach links auf die Kemnader Stra\u00dfe abbiegen.<\/p>\n<p>Im Einm\u00fcndungsbereich kam es zum Zusammensto\u00df mit dem Auto der 45-J\u00e4hrigen, welche auf der Kemnader Stra\u00dfe in Richtung K\u00f6nigsallee unterwegs war.<\/p>\n<p>Das Auto der 45-J\u00e4hrigen \u00fcberschlug sich und kam auf dem Dach zum Liegen. Dabei wurde die Frau schwer verletzt. Ein Rettungswagen brachte sie zur station\u00e4ren Behandlung in ein Krankenhaus.<\/p>\n<p>Die 84-j\u00e4hrige Seniorin blieb unverletzt.<\/p>\n<p>F\u00fcr die Dauer der Unfallaufnahme wurde die Kemnader Stra\u00dfe gesperrt.<\/p>\n<p>Das Verkehrskommissariat hat die weiteren Ermittlungen aufgenommen.<\/p>\n<p>R\u00fcckfragen bitte an:<\/p>\n<p>Polizei Bochum Marco Bischoff Telefon: 0234 909-1021 E-Mail: pressestelle.bochum@polizei.nrw.de https:\/\/bochum.polizei.nrw\/<\/p>\n<p> Original-Content von: Polizei Bochum, \u00fcbermittelt durch news aktuell<\/p>\n","protected":false},"excerpt":{"rendered":"Nach einem Verkehrsunfall am gestrigen 03. Juni, gegen 14.30 Uhr, ist ein 45-j\u00e4hrige Bochumerin schwer verletzt worden. Ein&hellip;\n","protected":false},"author":2,"featured_media":31752,"comment_status":"","ping_status":"","sticky":false,"template":"","format":"standard","meta":{"footnotes":""},"categories":[1839],"tags":[7507,3364,29,30,1209,12925],"class_list":{"0":"post-241217","1":"post","2":"type-post","3":"status-publish","4":"format-standard","5":"has-post-thumbnail","7":"category-bochum","8":"tag-bochum","9":"tag-de","10":"tag-deutschland","11":"tag-germany","12":"tag-nordrhein-westfalen","13":"tag-polizeimeldungen"},"share_on_mastodon":{"url":"https:\/\/pubeurope.com\/@de\/114794008683001271","error":""},"_links":{"self":[{"href":"https:\/\/www.europesays.com\/de\/wp-json\/wp\/v2\/posts\/241217","targetHints":{"allow":["GET"]}}],"collection":[{"href":"https:\/\/www.europesays.com\/de\/wp-json\/wp\/v2\/posts"}],"about":[{"href":"https:\/\/www.europesays.com\/de\/wp-json\/wp\/v2\/types\/post"}],"author":[{"embeddable":true,"href":"https:\/\/www.europesays.com\/de\/wp-json\/wp\/v2\/users\/2"}],"replies":[{"embeddable":true,"href":"https:\/\/www.europesays.com\/de\/wp-json\/wp\/v2\/comments?post=241217"}],"version-history":[{"count":0,"href":"https:\/\/www.europesays.com\/de\/wp-json\/wp\/v2\/posts\/241217\/revisions"}],"wp:featuredmedia":[{"embeddable":true,"href":"https:\/\/www.europesays.com\/de\/wp-json\/wp\/v2\/media\/31752"}],"wp:attachment":[{"href":"https:\/\/www.europesays.com\/de\/wp-json\/wp\/v2\/media?parent=241217"}],"wp:term":[{"taxonomy":"category","embeddable":true,"href":"https:\/\/www.europesays.com\/de\/wp-json\/wp\/v2\/categories?post=241217"},{"taxonomy":"post_tag","embeddable":true,"href":"https:\/\/www.europesays.com\/de\/wp-json\/wp\/v2\/tags?post=241217"}],"curies":[{"name":"wp","href":"https:\/\/api.w.org\/{rel}","templated":true}]}}