{"id":241354,"date":"2025-07-04T09:38:11","date_gmt":"2025-07-04T09:38:11","guid":{"rendered":"https:\/\/www.europesays.com\/de\/241354\/"},"modified":"2025-07-04T09:38:11","modified_gmt":"2025-07-04T09:38:11","slug":"landesverbandstag-in-muenster-sozialverband-erstreitet-rekordsumme-fuer-mitglieder-in-nrw","status":"publish","type":"post","link":"https:\/\/www.europesays.com\/de\/241354\/","title":{"rendered":"Landesverbandstag in M\u00fcnster: Sozialverband erstreitet Rekordsumme f\u00fcr Mitglieder in NRW"},"content":{"rendered":"<p class=\"paragraph article__item\">Der Sozialverband <a class=\"rtr-entity\" href=\"https:\/\/www.zeit.de\/thema\/vdk\" target=\"_blank\" rel=\"noopener\">VdK<\/a> hat im vergangenen Jahr in Nordrhein-Westfalen mit 49 Millionen Euro eine Rekordsumme an Nachzahlungen f\u00fcr seine Mitglieder erstritten. Im Vergleichszeitraum 2023 lag die Summe noch bei 46 Millionen Euro, wie der Vdk bei der Landesverbandstagung in M\u00fcnster mitteilte. \u00abEine stolze Zahl, aber immer mehr Menschen m\u00fcssen um ihr Recht k\u00e4mpfen \u2013 was h\u00e4ufig ohne professionelle Hilfe kaum zu bew\u00e4ltigen ist\u00bb, so der VdK laut Mitteilung.\n<\/p>\n<p>Aktuelles<\/p>\n<p>                <a href=\"https:\/\/www.zeit.de\/politik\/deutschland\/2025-06\/rentenpaket-baerbael-bas-gewerkschaften-arbeitgeber-kritik\" data-ct-label=\"B\u00e4rbel Bas: Arbeitgeber und Sozialverb\u00e4nde kritisieren Rentenpaket\" target=\"_blank\" rel=\"noopener\"><\/p>\n<p>                        B\u00e4rbel Bas:<br \/>\n                        Arbeitgeber und Sozialverb\u00e4nde kritisieren Rentenpaket<\/p>\n<p>                <\/a><\/p>\n<p>                <a href=\"https:\/\/www.zeit.de\/gesellschaft\/zeitgeschehen\/2025-07\/hitze-schulen-pflegeheime-kliniken-infrastruktur\" data-ct-label=\"Hitzewelle: Schulen, Kliniken und Pflegeheime fordern Ma\u00dfnahmen gegen Hitze\" target=\"_blank\" rel=\"noopener\"><\/p>\n<p>                        Hitzewelle:<br \/>\n                        Schulen, Kliniken und Pflegeheime fordern Ma\u00dfnahmen gegen Hitze<\/p>\n<p>                <\/a><\/p>\n<p>                <a href=\"https:\/\/www.zeit.de\/politik\/ausland\/2025-06\/kapitol-stuermer-proud-boys-schadenersatz-klage\" data-ct-label=\"Sturm auf US-Kapitol: Mehrere &quot;Proud Boys&quot; fordern Schadensersatz von US-Regierung\" target=\"_blank\" rel=\"noopener\"><\/p>\n<p>                        Sturm auf US-Kapitol:<br \/>\n                        Mehrere &#8222;Proud Boys&#8220; fordern Schadensersatz von US-Regierung<\/p>\n<p>                <\/a><\/p>\n<p class=\"paragraph article__item\">Insgesamt f\u00fchrte der Landesverband im Jahr 2024 rund 9.300 Klagen und 25.300 Widerspruchsverfahren. Im Jahr zuvor waren es 8.200 Klagen und 21.000 Widerspr\u00fcche. Besonders bei den Pflegeverfahren registriert der Sozialverband einen gro\u00dfen Anstieg. Innerhalb von zwei Jahren sei hier die Zahl der F\u00e4lle um rund 30 Prozent gestiegen. Der Sozialverband f\u00fchrt dies auf die Generation der geburtenstarken Jahrg\u00e4nge zur\u00fcck. Die sogenannten Babyboomer k\u00fcmmern sich jetzt nach \u00dcberzeugung des VdK um die Themen Gesundheits- und Rentenvorsorge sowie die Pflege der Eltern.\u00a0\n<\/p>\n<p class=\"paragraph article__item\">\u00abViele Ratsuchende stehen vor enormen H\u00fcrden \u2013 bei der Organisation, der Finanzierung oder der Einstufung durch den Medizinischen Dienst\u00bb, erkl\u00e4rt Horst V\u00f6ge, Pr\u00e4sident des Landesverbandes, und fordert einen konsequenten Ausbau von Tages-, Nacht- und Kurzzeitpflegepl\u00e4tzen sowie wohnortnahe Beratungs- und Unterst\u00fctzungsangebote f\u00fcr \u00e4ltere Menschen und ihre Angeh\u00f6rigen.\u00a0\n<\/p>\n<p class=\"paragraph article__item\">Der Sozialverband VdK hat bundesweit 2,3 Millionen Mitglieder und ist damit der gr\u00f6\u00dfte seiner Art. Der Landesverband in NRW hat 425.000 Mitglieder. Der VdK setzt sich unter anderem f\u00fcr die Rechte von Rentnern, Menschen mit Behinderung, Pflegebed\u00fcrftige und Opfer von Unf\u00e4llen und Gewalt ein.\n<\/p>\n<p class=\"paragraph article__item\">\u00a9 dpa-infocom, dpa:250704-930-756122\/1<\/p>\n","protected":false},"excerpt":{"rendered":"Der Sozialverband VdK hat im vergangenen Jahr in Nordrhein-Westfalen mit 49 Millionen Euro eine Rekordsumme an Nachzahlungen f\u00fcr&hellip;\n","protected":false},"author":2,"featured_media":241355,"comment_status":"","ping_status":"","sticky":false,"template":"","format":"standard","meta":{"footnotes":""},"categories":[1843],"tags":[3364,29,30,75327,75325,8970,15,1209,176,75326,32419,31131],"class_list":{"0":"post-241354","1":"post","2":"type-post","3":"status-publish","4":"format-standard","5":"has-post-thumbnail","7":"category-muenster","8":"tag-de","9":"tag-deutschland","10":"tag-germany","11":"tag-landesverbandstag","12":"tag-landesverbandstag-in-muenster","13":"tag-muenster","14":"tag-news","15":"tag-nordrhein-westfalen","16":"tag-nrw","17":"tag-rekordsumme","18":"tag-sozialverband","19":"tag-vdk"},"share_on_mastodon":{"url":"https:\/\/pubeurope.com\/@de\/114794299848152894","error":""},"_links":{"self":[{"href":"https:\/\/www.europesays.com\/de\/wp-json\/wp\/v2\/posts\/241354","targetHints":{"allow":["GET"]}}],"collection":[{"href":"https:\/\/www.europesays.com\/de\/wp-json\/wp\/v2\/posts"}],"about":[{"href":"https:\/\/www.europesays.com\/de\/wp-json\/wp\/v2\/types\/post"}],"author":[{"embeddable":true,"href":"https:\/\/www.europesays.com\/de\/wp-json\/wp\/v2\/users\/2"}],"replies":[{"embeddable":true,"href":"https:\/\/www.europesays.com\/de\/wp-json\/wp\/v2\/comments?post=241354"}],"version-history":[{"count":0,"href":"https:\/\/www.europesays.com\/de\/wp-json\/wp\/v2\/posts\/241354\/revisions"}],"wp:featuredmedia":[{"embeddable":true,"href":"https:\/\/www.europesays.com\/de\/wp-json\/wp\/v2\/media\/241355"}],"wp:attachment":[{"href":"https:\/\/www.europesays.com\/de\/wp-json\/wp\/v2\/media?parent=241354"}],"wp:term":[{"taxonomy":"category","embeddable":true,"href":"https:\/\/www.europesays.com\/de\/wp-json\/wp\/v2\/categories?post=241354"},{"taxonomy":"post_tag","embeddable":true,"href":"https:\/\/www.europesays.com\/de\/wp-json\/wp\/v2\/tags?post=241354"}],"curies":[{"name":"wp","href":"https:\/\/api.w.org\/{rel}","templated":true}]}}