{"id":241420,"date":"2025-07-04T10:15:13","date_gmt":"2025-07-04T10:15:13","guid":{"rendered":"https:\/\/www.europesays.com\/de\/241420\/"},"modified":"2025-07-04T10:15:13","modified_gmt":"2025-07-04T10:15:13","slug":"flughafen-duesseldorf-9200-tickets-fuer-besucherterrasse","status":"publish","type":"post","link":"https:\/\/www.europesays.com\/de\/241420\/","title":{"rendered":"Flughafen D\u00fcsseldorf: 9200 Tickets f\u00fcr Besucherterrasse"},"content":{"rendered":"<p class=\"richtext text-em-55 !leading-serif mx-6 desktop:mx-0\"> Vom Abheben des weltgr\u00f6\u00dften Passagierflugzeugs A380 bis zum Aufsetzen einer kleinen Cessna \u201eSkyhawk\u201c: In den NRW-Sommerferien \u00f6ffnet der Flughafen eine Besucherterrasse mit bester Aussicht auf die Start- und Landebahnen.<\/p>\n<p class=\"richtext text-em-55 !leading-serif mx-6 desktop:mx-0\">Die beliebte Besucherterrasse am Flugsteig B wurde w\u00e4hrend der Corona-Pandemie geschlossen und danach nicht mehr er\u00f6ffnet. Der Betrieb war laut Flughafen zu teuer und zu aufwendig durch die n\u00f6tigen Sicherheitsvorkehrungen. Wie der Airport am Freitag mitteilte, werde weiter \u201ean einem wirtschaftlich tragf\u00e4higen Konzept gearbeitet\u201c, um die eigentliche Terrasse wiederzuer\u00f6ffnen.<\/p>\n<p class=\"richtext text-em-55 !leading-serif mx-6 desktop:mx-0\">Quasi als Ersatz wird an den letzten drei August-Wochenenden tempor\u00e4r die Terrasse der Eventlocation \u201eStation Airport\u201c im Flughafenbahnhof f\u00fcr Besucher ge\u00f6ffnet. Tickets f\u00fcr bestimmte Zeiten kann man sich ab sofort sichern.<\/p>\n<p class=\"richtext text-em-55 !leading-serif mx-6 desktop:mx-0\">Ge\u00f6ffnet wird die Terrasse der \u201eStation Airport\u201c am 9., 10., 16., 17., 23. und 24. August. Jeweils 500 Personen k\u00f6nnen von 10 bis 12 Uhr, 12.15 bis 14.15 Uhr und 14.30 bis 16.30 Uhr auf der Terrasse einchecken. Einen zus\u00e4tzlichen Slot gibt es am Sonntag, 10. August, f\u00fcr 200 Personen von 5.45 bis 9.30 Uhr. Dieses \u201eSunrise Special\u201c richtet sich insbesondere an \u201ePlanespotter\u201c und Fr\u00fchaufsteher. Zwischen den Slots wird die Terrasse vollst\u00e4ndig ger\u00e4umt.<\/p>\n<p class=\"richtext text-em-55 !leading-serif mx-6 desktop:mx-0\">Die Terrasse grenzt an den Luftsicherheitsbereich. Der Flughafen weist darauf hin, dass am Einlass eine strenge Taschenkontrolle durchgef\u00fchrt wird. Reisegep\u00e4ck und gr\u00f6\u00dfere Taschen d\u00fcrfen ebenso wenig wie Taschenmesser und andere gef\u00e4hrliche Gegenst\u00e4nde mitgef\u00fchrt werden. Es gibt keine M\u00f6glichkeit vor Ort, solche Dinge einzuschlie\u00dfen oder anderweitig zu verwahren. Hunde m\u00fcssen drau\u00dfen bleiben. Verpflegung und Getr\u00e4nke in Kunststoffflaschen d\u00fcrfen mitgebracht werden, es gibt aber auch einen Snackautomaten vor Ort.<\/p>\n<p class=\"richtext text-em-55 !leading-serif mx-6 desktop:mx-0\">Flughafenchef Lars Redeligx sagte, man wolle sich so \u201ef\u00fcr die Geduld aller Flughafen-Fans\u201c bedanken und eine M\u00f6glichkeit schaffen, \u201estartende und landende Flugzeuge aus n\u00e4chster N\u00e4he zu verfolgen.\u201c Die Kosten f\u00fcr die Aktion tr\u00e4gt der Flughafen. Besucher werden aufgerufen, eine Spende f\u00fcr die B\u00fcrgerstiftung D\u00fcsseldorf zu leisten. Infos dazu gibt es vor Ort.<\/p>\n","protected":false},"excerpt":{"rendered":"Vom Abheben des weltgr\u00f6\u00dften Passagierflugzeugs A380 bis zum Aufsetzen einer kleinen Cessna \u201eSkyhawk\u201c: In den NRW-Sommerferien \u00f6ffnet der&hellip;\n","protected":false},"author":2,"featured_media":241421,"comment_status":"","ping_status":"","sticky":false,"template":"","format":"standard","meta":{"footnotes":""},"categories":[1831],"tags":[75340,75339,4473,75338,6151,11289,3364,29,3405,2109,75341,75342,30,8976,1209,8816,75337,11290,11287,1406],"class_list":{"0":"post-241420","1":"post","2":"type-post","3":"status-publish","4":"format-standard","5":"has-post-thumbnail","7":"category-duesseldorf","8":"tag-20tickets","9":"tag-2fterrasse","10":"tag-airport","11":"tag-beliebte","12":"tag-besucher","13":"tag-besucherterrasse","14":"tag-de","15":"tag-deutschland","16":"tag-duesseldorf","17":"tag-flughafen","18":"tag-flughafenbahnhof","19":"tag-flughafenchef","20":"tag-germany","21":"tag-geschlossen","22":"tag-nordrhein-westfalen","23":"tag-ort","24":"tag-planespotter","25":"tag-sommerferien","26":"tag-terrasse","27":"tag-tickets"},"share_on_mastodon":{"url":"https:\/\/pubeurope.com\/@de\/114794445594295531","error":""},"_links":{"self":[{"href":"https:\/\/www.europesays.com\/de\/wp-json\/wp\/v2\/posts\/241420","targetHints":{"allow":["GET"]}}],"collection":[{"href":"https:\/\/www.europesays.com\/de\/wp-json\/wp\/v2\/posts"}],"about":[{"href":"https:\/\/www.europesays.com\/de\/wp-json\/wp\/v2\/types\/post"}],"author":[{"embeddable":true,"href":"https:\/\/www.europesays.com\/de\/wp-json\/wp\/v2\/users\/2"}],"replies":[{"embeddable":true,"href":"https:\/\/www.europesays.com\/de\/wp-json\/wp\/v2\/comments?post=241420"}],"version-history":[{"count":0,"href":"https:\/\/www.europesays.com\/de\/wp-json\/wp\/v2\/posts\/241420\/revisions"}],"wp:featuredmedia":[{"embeddable":true,"href":"https:\/\/www.europesays.com\/de\/wp-json\/wp\/v2\/media\/241421"}],"wp:attachment":[{"href":"https:\/\/www.europesays.com\/de\/wp-json\/wp\/v2\/media?parent=241420"}],"wp:term":[{"taxonomy":"category","embeddable":true,"href":"https:\/\/www.europesays.com\/de\/wp-json\/wp\/v2\/categories?post=241420"},{"taxonomy":"post_tag","embeddable":true,"href":"https:\/\/www.europesays.com\/de\/wp-json\/wp\/v2\/tags?post=241420"}],"curies":[{"name":"wp","href":"https:\/\/api.w.org\/{rel}","templated":true}]}}