{"id":241466,"date":"2025-07-04T10:39:14","date_gmt":"2025-07-04T10:39:14","guid":{"rendered":"https:\/\/www.europesays.com\/de\/241466\/"},"modified":"2025-07-04T10:39:14","modified_gmt":"2025-07-04T10:39:14","slug":"fc-bayern-und-vfb-stuttgart-vereinbaren-verhandlungsstopp-im-woltemade-poker","status":"publish","type":"post","link":"https:\/\/www.europesays.com\/de\/241466\/","title":{"rendered":"FC Bayern und VfB Stuttgart vereinbaren Verhandlungsstopp im Woltemade-Poker"},"content":{"rendered":"<p>Fortsetzung nach Klub-WM\u00a0<\/p>\n<p>                                    <img decoding=\"async\" src=\"https:\/\/www.europesays.com\/de\/wp-content\/uploads\/2025\/07\/nick-woltemade-vfb-stuttgart-2024-1749023623-169311.jpg\" title=\"FC Bayern und VfB Stuttgart vereinbaren Verhandlungsstopp im Woltemade-Poker\" alt=\"FC Bayern und VfB Stuttgart vereinbaren Verhandlungsstopp im Woltemade-Poker\"\/><\/p>\n<p>\n                                       \u00a9IMAGO\n                                    <\/p>\n<p>In den Poker um\u00a0<a title=\"Nick Woltemade\" href=\"https:\/\/www.transfermarkt.de\/nick-woltemade\/profil\/spieler\/455661\" target=\"_blank\" rel=\"noopener\">Nick Woltemade<\/a> wird in den n\u00e4chsten Tagen offenbar keine Bewegung reinkommen. Informationen der \u201eBild\u201c zufolge wurde zwischen dem\u00a0<a title=\"FC Bayern M\u00fcnchen\" href=\"https:\/\/www.transfermarkt.de\/fc-bayern-m-nchen\/startseite\/verein\/27\" target=\"_blank\" rel=\"noopener\">FC Bayern<\/a> und dem\u00a0<a title=\"VfB Stuttgart\" href=\"https:\/\/www.transfermarkt.de\/vfb-stuttgart\/startseite\/verein\/79\" target=\"_blank\" rel=\"noopener\">VfB Stuttgart<\/a> ein Verhandlungsstopp vereinbart. Solange der deutsche Rekordmeister an der Klub-WM in den USA teilnimmt, wird kein\u00a0schriftliches Angebot f\u00fcr den Shootingstar bei den Schwaben eingehen, hei\u00dft es.<\/p>\n<p>\n    <a class=\"bbcodesLink\" href=\"https:\/\/www.transfermarkt.de\/nick-woltemade-zu-fc-bayern-munchen-\/thread\/forum\/154\/thread_id\/1079213\" target=\"_blank\" rel=\"noopener\"><\/p>\n<tr>\n<p>                        Ger\u00fccht<\/p>\n<\/tr>\n<tr class=\"contentzeile\">\n<td class=\"spielerbild\" rowspan=\"2\">\n                        <img decoding=\"async\" src=\"https:\/\/www.europesays.com\/de\/wp-content\/uploads\/2025\/07\/455661-1723707419.jpg\" title=\"Nick Woltemade\" alt=\"Nick Woltemade\" class=\"\"\/>                    <\/td>\n<td class=\"spielername\">\n                        <a title=\"Nick Woltemade\" href=\"https:\/\/www.transfermarkt.de\/nick-woltemade\/profil\/spieler\/455661\" target=\"_blank\" rel=\"noopener\">N. Woltemade<\/a>                    <\/td>\n<td class=\"vereinswappen\" rowspan=\"2\">\n                        <img decoding=\"async\" src=\"https:\/\/www.europesays.com\/de\/wp-content\/uploads\/2025\/07\/79.png\" title=\"VfB Stuttgart\" alt=\"VfB Stuttgart\" class=\"\"\/>                    <\/td>\n<td class=\"c2action\" rowspan=\"2\"><\/td>\n<\/tr>\n<tr class=\"contentzeile\">\n<td class=\"position\">\n                        H\u00e4ngende Spitze                    <\/td>\n<\/tr>\n<tr class=\"contentZeileSpielerGK\">\n<td colspan=\"4\">\n<tr>\n<td class=\"vereinsname\">\n                                    VfB Stuttgart                                <\/td>\n<td class=\"vereinswappen\" rowspan=\"2\">\n                                    <img decoding=\"async\" src=\"https:\/\/www.europesays.com\/de\/wp-content\/uploads\/2025\/07\/79.png\" title=\"VfB Stuttgart\" alt=\"VfB Stuttgart\" class=\"\"\/>                                <\/td>\n<td class=\"wahrscheinlichkeit-auf\" rowspan=\"2\">\n<p>\u00a0<\/p>\n<p>                                        36                                        %\n                                                                        <\/td>\n<td class=\"vereinswappen\" rowspan=\"2\">\n                                    <img decoding=\"async\" src=\"https:\/\/www.europesays.com\/de\/wp-content\/uploads\/2025\/04\/27.png\" title=\"FC Bayern M\u00fcnchen\" alt=\"FC Bayern M\u00fcnchen\" class=\"\"\/>                                <\/td>\n<td class=\"vereinsname\">\n                                    Bayern M\u00fcnchen                                <\/td>\n<\/tr>\n<tr>\n<td>\n                                    Bundesliga                                <\/td>\n<td>\n                                    Bundesliga                                <\/td>\n<\/tr>\n<\/td>\n<\/tr>\n<p>    <\/a>\n<\/p>\n<p>Hintergrund ist, dass beide Parteien bei ihren Abl\u00f6se-Vorstellungen noch zu weit auseinanderliegen und dies lieber pers\u00f6nlich oder zumindest ohne Zeitverschiebung kl\u00e4ren wollen. W\u00e4hrend die M\u00fcnchner maximal 50 Millionen f\u00fcr den 23 Jahre alten Angreifer ausgeben wollen, sollen dem VfB mindestens 80 Mio. Euro vorschweben, <a href=\"https:\/\/www.transfermarkt.de\/vfb-stuttgart\/rekordabgaenge\/verein\/79\" target=\"_blank\" rel=\"noopener\">was mit gro\u00dfem Abstand ein neuer Rekord-Verkauf w\u00e4re<\/a>.<\/p>\n<p><\/p>\n<p>Der Spieler selbst, der in Stuttgart erst vergangenen Sommer bis 2028 unterschrieb, soll sich mit den Bayern schon l\u00e4nger einig sein. Berichte dar\u00fcber sollen die Stuttgarter unvorbereitet getroffen haben, weswegen die Stimmung zwischen den Klubs anfangs unterk\u00fchlt gewesen sei. Nach einem\u00a0Telefonat von Bayerns Sportvorstand\u00a0<a title=\"Max Eberl\" href=\"https:\/\/www.transfermarkt.de\/max-eberl\/profil\/trainer\/6343\" target=\"_blank\" rel=\"noopener\">Max Eberl<\/a>\u00a0und seinem Pendant beim VfB, <a title=\"Fabian Wohlgemuth\" href=\"https:\/\/www.transfermarkt.de\/fabian-wohlgemuth\/profil\/trainer\/17688\" target=\"_blank\" rel=\"noopener\">Fabian Wohlgemuth<\/a>, habe sich die Atmosph\u00e4re aber wieder verbessert. Gespr\u00e4che soll es zudem zwischen den Bossen\u00a0<a title=\"Jan-Christian Dreesen\" href=\"https:\/\/www.transfermarkt.de\/jan-christian-dreesen\/profil\/trainer\/27524\" target=\"_blank\" rel=\"noopener\">Jan-Christian Dreesen<\/a> und\u00a0<a title=\"Alexander Wehrle\" href=\"https:\/\/www.transfermarkt.de\/alexander-wehrle\/profil\/trainer\/26928\" target=\"_blank\" rel=\"noopener\">Alexander Wehrle<\/a> gegeben haben \u2013 offenbar ohne bislang \u00fcber konkrete Zahlen gesprochen zu haben.<\/p>\n<p><a href=\"https:\/\/www.transfermarkt.de\/fc-bayern-munchen\/detail\/forum\/10\" target=\"_blank\" rel=\"noopener\"><br \/>\n    <img loading=\"lazy\" decoding=\"async\" class=\"innews\" src=\"https:\/\/www.europesays.com\/de\/wp-content\/uploads\/2025\/04\/fc-bayern-forum-innews-banner-community-1717489823-138379.jpg\" alt=\"Im Forum \u00fcber den FC Bayern mitreden!\" width=\"503\" height=\"148\"\/><\/p>\n<p><\/a><\/p>\n<p>Dem Vernehmen nach soll Woltemade im Falle eines Transfers zu den Bayern 7 Mio. bis maximal 11 Mio. Euro brutto verdienen. Damit w\u00e4re er im Bayern-Kader derzeit in Sachen Gehalt in der unteren H\u00e4lfte einzuordnen. Bei den Schwaben sollen es aktuell 1,5 Mio. Euro pro Saison sein. Woltemade hatte mit 20 Assists in 33 Pflichtspielen in der letzten Saison auf sich aufmerksam gemacht, <a href=\"https:\/\/www.transfermarkt.de\/u21-europameisterschaft\/torschuetzenliste\/pokalwettbewerb\/21EU\" target=\"_blank\" rel=\"noopener\">bei der anschlie\u00dfenden U21-EM wurde er Torsch\u00fctzenk\u00f6nig mit sechs Treffern<\/a>. Seinen Marktwert schraubte er in den vergangenen zw\u00f6lf Monaten von 4 Mio. auf 30 Mio. Euro.<\/p>\n<p><\/p>\n","protected":false},"excerpt":{"rendered":"Fortsetzung nach Klub-WM\u00a0 \u00a9IMAGO In den Poker um\u00a0Nick Woltemade wird in den n\u00e4chsten Tagen offenbar keine Bewegung reinkommen.&hellip;\n","protected":false},"author":2,"featured_media":241467,"comment_status":"","ping_status":"","sticky":false,"template":"","format":"standard","meta":{"footnotes":""},"categories":[136],"tags":[299,29,458,30,1770,265,2915],"class_list":{"0":"post-241466","1":"post","2":"type-post","3":"status-publish","4":"format-standard","5":"has-post-thumbnail","7":"category-sport","8":"tag-bundesliga","9":"tag-deutschland","10":"tag-fc-bayern-muenchen","11":"tag-germany","12":"tag-nick-woltemade","13":"tag-sport","14":"tag-vfb-stuttgart"},"share_on_mastodon":{"url":"https:\/\/pubeurope.com\/@de\/114794539706640711","error":""},"_links":{"self":[{"href":"https:\/\/www.europesays.com\/de\/wp-json\/wp\/v2\/posts\/241466","targetHints":{"allow":["GET"]}}],"collection":[{"href":"https:\/\/www.europesays.com\/de\/wp-json\/wp\/v2\/posts"}],"about":[{"href":"https:\/\/www.europesays.com\/de\/wp-json\/wp\/v2\/types\/post"}],"author":[{"embeddable":true,"href":"https:\/\/www.europesays.com\/de\/wp-json\/wp\/v2\/users\/2"}],"replies":[{"embeddable":true,"href":"https:\/\/www.europesays.com\/de\/wp-json\/wp\/v2\/comments?post=241466"}],"version-history":[{"count":0,"href":"https:\/\/www.europesays.com\/de\/wp-json\/wp\/v2\/posts\/241466\/revisions"}],"wp:featuredmedia":[{"embeddable":true,"href":"https:\/\/www.europesays.com\/de\/wp-json\/wp\/v2\/media\/241467"}],"wp:attachment":[{"href":"https:\/\/www.europesays.com\/de\/wp-json\/wp\/v2\/media?parent=241466"}],"wp:term":[{"taxonomy":"category","embeddable":true,"href":"https:\/\/www.europesays.com\/de\/wp-json\/wp\/v2\/categories?post=241466"},{"taxonomy":"post_tag","embeddable":true,"href":"https:\/\/www.europesays.com\/de\/wp-json\/wp\/v2\/tags?post=241466"}],"curies":[{"name":"wp","href":"https:\/\/api.w.org\/{rel}","templated":true}]}}