{"id":241495,"date":"2025-07-04T10:55:10","date_gmt":"2025-07-04T10:55:10","guid":{"rendered":"https:\/\/www.europesays.com\/de\/241495\/"},"modified":"2025-07-04T10:55:10","modified_gmt":"2025-07-04T10:55:10","slug":"mannheim-brand-sorgt-fuer-vollsperrung-der-b38-polizeiberichte-aus-rhein-neckar-odenwald","status":"publish","type":"post","link":"https:\/\/www.europesays.com\/de\/241495\/","title":{"rendered":"Mannheim: Brand sorgt f\u00fcr Vollsperrung der B38 &#8211; Polizeiberichte aus Rhein-Neckar-Odenwald"},"content":{"rendered":"<p>Mannheim. (pol\/msc) Ein Fahrzeugbrand sorgte am Freitag ab 12 Uhr f\u00fcr eine Vollsperrung der Bundesstra\u00dfe B38. Nach Informationen der Polizei sei ein Auto kurz nach der Abfahrt vom Autobahnkreuz Weinheim in Richtung Mannheim in Brand geraten.<\/p>\n<p>W\u00e4hrend der L\u00f6scharbeiten blieb die Bundesstra\u00dfe voll gesperrt, rund eine dreiviertel Stunde sp\u00e4ter war zumindest die Gegenfahrbahn und eine Spur in Richtung Mannheim wieder offen. Zur Ursache des Brandes ist noch nichts bekannt gegeben. Gel\u00f6scht ist er allerdings inzwischen.<\/p>\n","protected":false},"excerpt":{"rendered":"Mannheim. (pol\/msc) Ein Fahrzeugbrand sorgte am Freitag ab 12 Uhr f\u00fcr eine Vollsperrung der Bundesstra\u00dfe B38. Nach Informationen&hellip;\n","protected":false},"author":2,"featured_media":241496,"comment_status":"","ping_status":"","sticky":false,"template":"","format":"standard","meta":{"footnotes":""},"categories":[1845],"tags":[1634,3364,29,548,663,3934,30,13,2096,14,15,17343,12],"class_list":{"0":"post-241495","1":"post","2":"type-post","3":"status-publish","4":"format-standard","5":"has-post-thumbnail","7":"category-mannheim","8":"tag-baden-wuerttemberg","9":"tag-de","10":"tag-deutschland","11":"tag-eu","12":"tag-europa","13":"tag-europe","14":"tag-germany","15":"tag-headlines","16":"tag-mannheim","17":"tag-nachrichten","18":"tag-news","19":"tag-polizei-blaulicht-heidelberg-mannheim-rhein-neckar-metropolregion-sinsheim-kraichgau-neckarodenwald-odenwald-bauland-heilbronn","20":"tag-schlagzeilen"},"share_on_mastodon":{"url":"https:\/\/pubeurope.com\/@de\/114794602417469390","error":""},"_links":{"self":[{"href":"https:\/\/www.europesays.com\/de\/wp-json\/wp\/v2\/posts\/241495","targetHints":{"allow":["GET"]}}],"collection":[{"href":"https:\/\/www.europesays.com\/de\/wp-json\/wp\/v2\/posts"}],"about":[{"href":"https:\/\/www.europesays.com\/de\/wp-json\/wp\/v2\/types\/post"}],"author":[{"embeddable":true,"href":"https:\/\/www.europesays.com\/de\/wp-json\/wp\/v2\/users\/2"}],"replies":[{"embeddable":true,"href":"https:\/\/www.europesays.com\/de\/wp-json\/wp\/v2\/comments?post=241495"}],"version-history":[{"count":0,"href":"https:\/\/www.europesays.com\/de\/wp-json\/wp\/v2\/posts\/241495\/revisions"}],"wp:featuredmedia":[{"embeddable":true,"href":"https:\/\/www.europesays.com\/de\/wp-json\/wp\/v2\/media\/241496"}],"wp:attachment":[{"href":"https:\/\/www.europesays.com\/de\/wp-json\/wp\/v2\/media?parent=241495"}],"wp:term":[{"taxonomy":"category","embeddable":true,"href":"https:\/\/www.europesays.com\/de\/wp-json\/wp\/v2\/categories?post=241495"},{"taxonomy":"post_tag","embeddable":true,"href":"https:\/\/www.europesays.com\/de\/wp-json\/wp\/v2\/tags?post=241495"}],"curies":[{"name":"wp","href":"https:\/\/api.w.org\/{rel}","templated":true}]}}