{"id":241715,"date":"2025-07-04T12:55:12","date_gmt":"2025-07-04T12:55:12","guid":{"rendered":"https:\/\/www.europesays.com\/de\/241715\/"},"modified":"2025-07-04T12:55:12","modified_gmt":"2025-07-04T12:55:12","slug":"18-jaehriger-tot-im-rhein-bei-duisburg-gefunden","status":"publish","type":"post","link":"https:\/\/www.europesays.com\/de\/241715\/","title":{"rendered":"18-J\u00e4hriger tot im Rhein bei Duisburg gefunden"},"content":{"rendered":"<p>18-J\u00e4hriger im Rhein verungl\u00fcckt <\/p>\n<p>Noch ein Toter aus D\u00fcsseldorf wird in Duisburg angesp\u00fclt<\/p>\n<p>04.07.2025 &#8211; 14:49 UhrLesedauer: 1 Min.<\/p>\n<p><a href=\"#focus-0\" class=\"transition-colors duration-200 focus-within:text-magenta block text-current relative\" data-sctrack=\"FocusGalleryImage.Reference\"><img fetchpriority=\"high\" data-testid=\"Opener.Image\" style=\"--lqipURL:url('https:\/\/images.t-online.de\/2025\/06\/pwLjG232ZMg1\/126x0:3628x2041\/fit-in\/150x0\/filters:blur(25)\/image.jpg')\"   loading=\"eager\" src=\"https:\/\/www.europesays.com\/de\/wp-content\/uploads\/2025\/07\/1751633712_788_image.jpg\" alt=\"Einsatzkr\u00e4fte der Feuerwehr auf dem Rhein in D\u00fcsseldorf (Archivbild): Immer wieder kommt es zu t\u00f6dlichen Badeunf\u00e4llen.\" title=\"Einsatzkr\u00e4fte der Feuerwehr auf dem Rhein in D\u00fcsseldorf (Archivbild): Immer wieder kommt es zu t\u00f6dlichen Badeunf\u00e4llen.\" width=\"3628\" height=\"2041\" class=\"bg-[url:var(--lqipURL)] bg-cover bg-center flex h-full w-full max-w-full\" decoding=\"async\"\/><img style=\"--width:32;--height:32\" loading=\"lazy\" src=\"https:\/\/www.t-online.de\/s\/paper\/_next\/static\/media\/zoom-in.f7dae02f.svg\" alt=\"Vergr\u00f6\u00dfern des Bildes\" title=\"Vergr\u00f6\u00dfern des Bildes\" class=\"block h-[calc(var(--height)_\/_16_*_1rem)] w-[calc(var(--width)_\/_16_*_1rem)] max-w-none absolute bottom-8 right-8 rounded-4 bg-snow p-8\" decoding=\"async\"\/><\/a><\/p>\n<p>Einsatzkr\u00e4fte der Feuerwehr auf dem Rhein in D\u00fcsseldorf (Archivbild): Immer wieder kommt es zu t\u00f6dlichen Badeunf\u00e4llen. (Quelle: David Young\/Stadt D\u00fcsseldorf)<\/p>\n<p class=\"font-bold text-18 leading-17\">In Duisburg wird die Leiche eines jungen Mannes gefunden, der in D\u00fcsseldorf vom Rhein mitgerissen wurde. Es ist der zweite Leichenfund an einem Tag.<\/p>\n<p class=\"text-18 leading-17\">Die Anzahl der t\u00f6dlichen Badeunf\u00e4lle in <a class=\"transition-colors duration-200 cursor-pointer text-inherit no-underline text-salemsfur md:hover:text-magenta md:hover:border-magenta md:focus:text-magenta border-current border-b border-solid break-words\" href=\"https:\/\/www.t-online.de\/region\/duesseldorf\/\" data-sctrack=\"BodyAnchor\" target=\"_blank\" rel=\"noopener\">D\u00fcsseldorf<\/a> nimmt zu. Am Donnerstagmorgen wurde im Rhein ein toter 18-J\u00e4hriger gefunden. Der K\u00f6rper des jungen Mannes war demnach von D\u00fcsseldorf nach <a class=\"transition-colors duration-200 cursor-pointer text-inherit no-underline text-salemsfur md:hover:text-magenta md:hover:border-magenta md:focus:text-magenta border-current border-b border-solid break-words\" href=\"https:\/\/www.t-online.de\/themen\/duisburg\/\" data-sctrack=\"BodyAnchor\" target=\"_blank\" rel=\"noopener\">Duisburg<\/a> getrieben worden. Hier entdeckte die Besatzung eines Verkehrssicherungsschiffs gegen 9.30 Uhr den Toten im Kultushafen.<\/p>\n<p class=\"text-18 leading-17\">In Zusammenarbeit mit der Feuerwehr konnte die Wasserschutzpolizei den K\u00f6rper bergen. Bei dem Toten handelt es sich demnach um einen 18-J\u00e4hrigen, der am Dienstag (1. Juli) am D\u00fcsseldorfer Paradiesstrand von der Str\u00f6mung mitgerissen wurde. Der junge Mann galt seitdem als vermisst. Die Ermittlungen zur genauen Todesursache dauern laut Polizei noch an.<\/p>\n<p class=\"text-18 leading-17\">Ebenfalls am Donnerstag wurde in Duisburg zudem die Leiche eines sechsj\u00e4hrigen Jungen geborgen. Auch er war in D\u00fcsseldorf in den Rhein gegangen und wurde von der Str\u00f6mung abgetrieben. <a class=\"transition-colors duration-200 cursor-pointer text-inherit no-underline text-salemsfur md:hover:text-magenta md:hover:border-magenta md:focus:text-magenta border-current border-b border-solid break-words\" href=\"https:\/\/www.t-online.de\/region\/duesseldorf\/id_100804278\/duesseldorf-leiche-von-vermisstem-jungen-im-rhein-bei-duisburg-gefunden.html\" data-sctrack=\"BodyAnchor\" target=\"_blank\" rel=\"noopener\">Mehr dazu lesen Sie hier<\/a>.<\/p>\n<p class=\"text-18 leading-17\">Die Stadt D\u00fcsseldorf hat angek\u00fcndigt, die Gefahren durch Badeunf\u00e4lle weiter eind\u00e4mmen zu wollen. So m\u00f6chte sie unter anderem ein generelles Badeverbot f\u00fcr den kompletten Rheinabschnitt im D\u00fcsseldorfer Stadtgebiet umsetzen.<\/p>\n","protected":false},"excerpt":{"rendered":"18-J\u00e4hriger im Rhein verungl\u00fcckt Noch ein Toter aus D\u00fcsseldorf wird in Duisburg angesp\u00fclt 04.07.2025 &#8211; 14:49 UhrLesedauer: 1&hellip;\n","protected":false},"author":2,"featured_media":241716,"comment_status":"","ping_status":"","sticky":false,"template":"","format":"standard","meta":{"footnotes":""},"categories":[1831],"tags":[42685,3364,29,3715,3405,2540,985,30,12250,1209,121,5206],"class_list":{"0":"post-241715","1":"post","2":"type-post","3":"status-publish","4":"format-standard","5":"has-post-thumbnail","7":"category-duesseldorf","8":"tag-badeunfall","9":"tag-de","10":"tag-deutschland","11":"tag-duisburg","12":"tag-duesseldorf","13":"tag-einsatzkraft","14":"tag-feuerwehr","15":"tag-germany","16":"tag-leichenfund","17":"tag-nordrhein-westfalen","18":"tag-polizei","19":"tag-rhein"},"share_on_mastodon":{"url":"https:\/\/pubeurope.com\/@de\/114795074411301988","error":""},"_links":{"self":[{"href":"https:\/\/www.europesays.com\/de\/wp-json\/wp\/v2\/posts\/241715","targetHints":{"allow":["GET"]}}],"collection":[{"href":"https:\/\/www.europesays.com\/de\/wp-json\/wp\/v2\/posts"}],"about":[{"href":"https:\/\/www.europesays.com\/de\/wp-json\/wp\/v2\/types\/post"}],"author":[{"embeddable":true,"href":"https:\/\/www.europesays.com\/de\/wp-json\/wp\/v2\/users\/2"}],"replies":[{"embeddable":true,"href":"https:\/\/www.europesays.com\/de\/wp-json\/wp\/v2\/comments?post=241715"}],"version-history":[{"count":0,"href":"https:\/\/www.europesays.com\/de\/wp-json\/wp\/v2\/posts\/241715\/revisions"}],"wp:featuredmedia":[{"embeddable":true,"href":"https:\/\/www.europesays.com\/de\/wp-json\/wp\/v2\/media\/241716"}],"wp:attachment":[{"href":"https:\/\/www.europesays.com\/de\/wp-json\/wp\/v2\/media?parent=241715"}],"wp:term":[{"taxonomy":"category","embeddable":true,"href":"https:\/\/www.europesays.com\/de\/wp-json\/wp\/v2\/categories?post=241715"},{"taxonomy":"post_tag","embeddable":true,"href":"https:\/\/www.europesays.com\/de\/wp-json\/wp\/v2\/tags?post=241715"}],"curies":[{"name":"wp","href":"https:\/\/api.w.org\/{rel}","templated":true}]}}