{"id":241717,"date":"2025-07-04T12:56:10","date_gmt":"2025-07-04T12:56:10","guid":{"rendered":"https:\/\/www.europesays.com\/de\/241717\/"},"modified":"2025-07-04T12:56:10","modified_gmt":"2025-07-04T12:56:10","slug":"schuesse-im-kreis-boeblingen-tatverdaechtige-aus-der-region-stuttgart-festgenommen-nachrichten-aus-stuttgart","status":"publish","type":"post","link":"https:\/\/www.europesays.com\/de\/241717\/","title":{"rendered":"Sch\u00fcsse im Kreis B\u00f6blingen: Tatverd\u00e4chtige aus der Region Stuttgart festgenommen &#8211; Nachrichten aus Stuttgart"},"content":{"rendered":"<p><strong>Oberjettingen.<\/strong> Im Fall eines T\u00f6tungsdelikts in Oberjettingen (Kreis B\u00f6blingen) haben Ermittler vier Verd\u00e4chtige identifizieren k\u00f6nnen. Sie stammen \u00fcberwiegend aus Stuttgart und der Region.<\/p>\n<p><a class=\"nfy-teaser nfy-ar-teaser\" id=\"nfy-teaser-inline\" data-upscore-url=\"\" href=\"https:\/\/www.zvw.de\/stuttgart-region\/t%C3%B6dlicher-polizeischuss-in-stuttgart-opfer-%C3%A4lter-als-angenommen_arid-973361?utm_source=empfehlungslink&amp;utm_campaign=empfehlungslink\" data-upscore-object-id=\"973361\" target=\"_blank\" rel=\"noopener\"><img loading=\"lazy\" decoding=\"async\" src=\"\/cms_media\/module_img\/6811\/3405875_1_gridmobile_polizei-erschiet-mann-nach-streit.jpeg\" alt=\"Polizei erschie\u00dft Mann nach Streit\" width=\"370\" height=\"229\" class=\"lazyload\" data-tmpl=\"gridmobile\"\/><\/p>\n<p> Stuttgart &amp; RegionT\u00f6dlicher Polizeischuss in Stuttgart &#8211; Opfer \u00e4lter als angenommen<\/p>\n<p><\/a><br \/>\nFestnahmen bei Polizei-Gro\u00dfeinsatz<\/p>\n<p>Zur Erinnerung: Am 27. Mai <a href=\"https:\/\/www.zvw.de\/stuttgart-region\/kreis-b%C3%B6blingen-zeugen-melden-schussger%C3%A4usche-mutma%C3%9Flich-versuchte-t%C3%B6tung_arid-960280\" rel=\"noopener\" target=\"_blank\">hatten mehrere Menschen Sch\u00fcsse auf einem Parkplatz beim Rathaus in Oberjettingen gemeldet<\/a>. Die Sch\u00fcsse waren den Ermittlungen zufolge auf einen 21- und einen 27-J\u00e4hrigen abgegeben worden, die \u201eerheblich verletzt\u201c wurden. Die Polizei ermittelt wegen versuchten Totschlags.<\/p>\n<p>Laut einer aktuellen Pressemitteilung sollen vier Personen die Tat gemeinschaftlich begangen haben. Drei von ihnen befinden sich seit 1. Juli in Haft: ein 31-J\u00e4hriger aus Stuttgart, ein 37-J\u00e4hriger aus M\u00f6ssingen (Kreis T\u00fcbingen) und ein 29-J\u00e4hriger aus Ludwigsburg. Es handle sich um zwei t\u00fcrkische und einen deutschen Staatsangeh\u00f6rigen. Bei der Durchsuchung und Festnahme der Verd\u00e4chtigen kam ein Gro\u00dfaufgebot der Polizei zum Einsatz, samt Spezialkr\u00e4ften und Unterst\u00fctzung aus Bayern und Hessen.<\/p>\n<p><a class=\"nfy-teaser nfy-ar-teaser\" id=\"nfy-teaser-inline\" data-upscore-url=\"\" href=\"https:\/\/www.zvw.de\/stuttgart-region\/250-kg-fliegerbombe-auf-a81-bei-b%C3%B6blingen-sindelfingen-gefunden_arid-973256?utm_source=empfehlungslink&amp;utm_campaign=empfehlungslink\" data-upscore-object-id=\"973256\" target=\"_blank\" rel=\"noopener\"><img loading=\"lazy\" decoding=\"async\" src=\"\/cms_media\/module_img\/6811\/3405593_1_gridmobile_53612648.jpeg\" alt=\"Polizei Wasen\" width=\"370\" height=\"229\" class=\"lazyload\" data-tmpl=\"gridmobile\"\/><\/p>\n<p> Stuttgart &amp; Region250-kg-Fliegerbombe auf A81 bei B\u00f6blingen\/Sindelfingen gefunden<\/p>\n<p><\/a><br \/>\nMotiv unklar: Polizei ermittelt weiter<\/p>\n<p>Der vierte Verd\u00e4chtige, ein 38-j\u00e4hriger Serbe aus Stuttgart, \u201ekonnte bislang nicht angetroffen werden\u201c, hei\u00dft es.\u00a0Die Ermittlungen dauern an, so die Polizei \u2013 \u201einsbesondere zum Motiv\u201c.<\/p>\n","protected":false},"excerpt":{"rendered":"Oberjettingen. Im Fall eines T\u00f6tungsdelikts in Oberjettingen (Kreis B\u00f6blingen) haben Ermittler vier Verd\u00e4chtige identifizieren k\u00f6nnen. Sie stammen \u00fcberwiegend&hellip;\n","protected":false},"author":2,"featured_media":241718,"comment_status":"","ping_status":"","sticky":false,"template":"","format":"standard","meta":{"footnotes":""},"categories":[1830],"tags":[1634,3364,29,30,16033,75407,121,1441],"class_list":{"0":"post-241717","1":"post","2":"type-post","3":"status-publish","4":"format-standard","5":"has-post-thumbnail","7":"category-stuttgart","8":"tag-baden-wuerttemberg","9":"tag-de","10":"tag-deutschland","11":"tag-germany","12":"tag-ludwigsburg","13":"tag-oberjettingen","14":"tag-polizei","15":"tag-stuttgart"},"share_on_mastodon":{"url":"https:\/\/pubeurope.com\/@de\/114795078440704420","error":""},"_links":{"self":[{"href":"https:\/\/www.europesays.com\/de\/wp-json\/wp\/v2\/posts\/241717","targetHints":{"allow":["GET"]}}],"collection":[{"href":"https:\/\/www.europesays.com\/de\/wp-json\/wp\/v2\/posts"}],"about":[{"href":"https:\/\/www.europesays.com\/de\/wp-json\/wp\/v2\/types\/post"}],"author":[{"embeddable":true,"href":"https:\/\/www.europesays.com\/de\/wp-json\/wp\/v2\/users\/2"}],"replies":[{"embeddable":true,"href":"https:\/\/www.europesays.com\/de\/wp-json\/wp\/v2\/comments?post=241717"}],"version-history":[{"count":0,"href":"https:\/\/www.europesays.com\/de\/wp-json\/wp\/v2\/posts\/241717\/revisions"}],"wp:featuredmedia":[{"embeddable":true,"href":"https:\/\/www.europesays.com\/de\/wp-json\/wp\/v2\/media\/241718"}],"wp:attachment":[{"href":"https:\/\/www.europesays.com\/de\/wp-json\/wp\/v2\/media?parent=241717"}],"wp:term":[{"taxonomy":"category","embeddable":true,"href":"https:\/\/www.europesays.com\/de\/wp-json\/wp\/v2\/categories?post=241717"},{"taxonomy":"post_tag","embeddable":true,"href":"https:\/\/www.europesays.com\/de\/wp-json\/wp\/v2\/tags?post=241717"}],"curies":[{"name":"wp","href":"https:\/\/api.w.org\/{rel}","templated":true}]}}