{"id":241721,"date":"2025-07-04T12:58:11","date_gmt":"2025-07-04T12:58:11","guid":{"rendered":"https:\/\/www.europesays.com\/de\/241721\/"},"modified":"2025-07-04T12:58:11","modified_gmt":"2025-07-04T12:58:11","slug":"staedel-zeigt-werner-tuebke-war-der-ddr-staatskuenstler-subversiv","status":"publish","type":"post","link":"https:\/\/www.europesays.com\/de\/241721\/","title":{"rendered":"St\u00e4del zeigt Werner T\u00fcbke: War der DDR-Staatsk\u00fcnstler subversiv?"},"content":{"rendered":"<p>\t\t\t\t\t\t\t\t\t\t\t\t\t\t\t\t\t\t\t\t\t\t\t\t\t\t\t\t      \t\t            \t\t             \t\t\t\t   \t\t\t\t\t   <img decoding=\"async\" id=\"article-image\" fetchpriority=\"high\" alt=\"St\u00e4del zeigt Werner T\u00fcbke: War der DDR-Staatsk\u00fcnstler subversiv?\" title=\"St\u00e4del zeigt Werner T\u00fcbke: War der DDR-Staatsk\u00fcnstler subversiv?\" src=\"https:\/\/www.europesays.com\/de\/wp-content\/uploads\/2025\/07\/media.media.6bb6f028-5e06-4b9e-b141-47851490390c.16x9_700.jpg\" data-linkto=\"https:\/\/www.stuttgarter-nachrichten.de\/javascript:void(0);\"\/>\t\t\t\t\t\t\t\t\t\t\t\t\t\t\t\t\t\t\t\t\t\t\t\tSpielt Werner T\u00fcbkes \u201eDer Tod des Zauberers\u201c von 1984 auf seine eigene Situation in der DDR an?\u00a0Foto: VG Bildkunst\/St\u00e4del Museum\t\t\t<\/p>\n<p>Werner T\u00fcbke gilt als einer der gro\u00dfen Maler der DDR. Jetzt ist er auf besondere Weise im Westen angekommen.<\/p>\n<p>Der Satz hatte es in sich. 1990, ein Jahr nach der Wende, sorgte der Maler Georg Baselitz f\u00fcr Aufruhr im Kunstbetrieb, als er k\u00fchn behauptete: \u201eEs gibt keine K\u00fcnstler in der <a href=\"https:\/\/www.stuttgarter-nachrichten.de\/thema\/DDR\" title=\"DDR\" class=\"art_thema\" rel=\"nofollow noopener\" target=\"_blank\">DDR<\/a>.\u201c Er war \u00fcberzeugt, dass K\u00fcnstler, die nicht wie er die DDR verlassen, sondern versucht hatten, unter der SED-Diktatur zu arbeiten, \u201edie Freiheit, die Liebe und das Leben verraten\u201c h\u00e4tten.<\/p>\n","protected":false},"excerpt":{"rendered":"Spielt Werner T\u00fcbkes \u201eDer Tod des Zauberers\u201c von 1984 auf seine eigene Situation in der DDR an?\u00a0Foto: VG&hellip;\n","protected":false},"author":2,"featured_media":241722,"comment_status":"","ping_status":"","sticky":false,"template":"","format":"standard","meta":{"footnotes":""},"categories":[1829],"tags":[129,29,75409,2050,2051,75410,30,2052,80,75411,75408,40734],"class_list":{"0":"post-241721","1":"post","2":"type-post","3":"status-publish","4":"format-standard","5":"has-post-thumbnail","7":"category-frankfurt-am-main","8":"tag-ddr","9":"tag-deutschland","10":"tag-eduard-beaucamp","11":"tag-frankfurt","12":"tag-frankfurt-am-main","13":"tag-frankfurter-allgemeine-zeitung","14":"tag-germany","15":"tag-hessen","16":"tag-kultur","17":"tag-schenkung","18":"tag-staedel-museum-frankfurt","19":"tag-werner-tuebke"},"share_on_mastodon":{"url":"https:\/\/pubeurope.com\/@de\/114795086795723553","error":""},"_links":{"self":[{"href":"https:\/\/www.europesays.com\/de\/wp-json\/wp\/v2\/posts\/241721","targetHints":{"allow":["GET"]}}],"collection":[{"href":"https:\/\/www.europesays.com\/de\/wp-json\/wp\/v2\/posts"}],"about":[{"href":"https:\/\/www.europesays.com\/de\/wp-json\/wp\/v2\/types\/post"}],"author":[{"embeddable":true,"href":"https:\/\/www.europesays.com\/de\/wp-json\/wp\/v2\/users\/2"}],"replies":[{"embeddable":true,"href":"https:\/\/www.europesays.com\/de\/wp-json\/wp\/v2\/comments?post=241721"}],"version-history":[{"count":0,"href":"https:\/\/www.europesays.com\/de\/wp-json\/wp\/v2\/posts\/241721\/revisions"}],"wp:featuredmedia":[{"embeddable":true,"href":"https:\/\/www.europesays.com\/de\/wp-json\/wp\/v2\/media\/241722"}],"wp:attachment":[{"href":"https:\/\/www.europesays.com\/de\/wp-json\/wp\/v2\/media?parent=241721"}],"wp:term":[{"taxonomy":"category","embeddable":true,"href":"https:\/\/www.europesays.com\/de\/wp-json\/wp\/v2\/categories?post=241721"},{"taxonomy":"post_tag","embeddable":true,"href":"https:\/\/www.europesays.com\/de\/wp-json\/wp\/v2\/tags?post=241721"}],"curies":[{"name":"wp","href":"https:\/\/api.w.org\/{rel}","templated":true}]}}