{"id":241731,"date":"2025-07-04T13:04:10","date_gmt":"2025-07-04T13:04:10","guid":{"rendered":"https:\/\/www.europesays.com\/de\/241731\/"},"modified":"2025-07-04T13:04:10","modified_gmt":"2025-07-04T13:04:10","slug":"pol-hh-250704-2-zeugenaufruf-nach-verkehrsunfall-mit-verletztem-kind-in","status":"publish","type":"post","link":"https:\/\/www.europesays.com\/de\/241731\/","title":{"rendered":"POL-HH: 250704-2. Zeugenaufruf nach Verkehrsunfall mit verletztem Kind in &#8230;"},"content":{"rendered":"<p class=\"date\">04.07.2025 \u2013 13:58<\/p>\n<p class=\"customer\">\n                        <a class=\"story-customer\" title=\"weiter zum newsroom von Polizei Hamburg\" href=\"https:\/\/www.presseportal.de\/blaulicht\/nr\/6337\" target=\"_blank\" rel=\"noopener\">Polizei Hamburg<\/a>\n                    <\/p>\n<p><a data-category=\"citylink-story-view\" data-action=\"click\" data-label=\"Citylink in Meldungsansicht\" class=\"story-city event-trigger\" href=\"https:\/\/www.presseportal.de\/regional\/Hamburg\" title=\"News aus Hamburg \" target=\"_blank\" rel=\"noopener\">Hamburg<\/a> (ots)<\/p>\n<p>Unfallzeit: 01.07.2025, 18:30 Uhr<\/p>\n<p>Unfallort: Hamburg-Neuengamme, Zwischen den Z\u00e4unen\/Neuengammer Hausdeich<\/p>\n<p>Am Dienstagabend kam es im Stadtteil Neuengamme zu einem Verkehrsunfall zwischen einem elfj\u00e4hrigen Fahrradfahrer und einem Pkw, bei dem das Kind schwer verletzt wurde. Die Polizei sucht Zeuginnen und Zeugen.<\/p>\n<p>Nach den bisherigen Erkenntnissen der zust\u00e4ndigen Verkehrsdirektion S\u00fcd (VD 42) befuhr der Junge die Stra\u00dfe &#8222;Zwischen den Z\u00e4unen&#8220; in Richtung Norden und stoppte an einer dortigen Haltelinie.<br \/>\nDer Pkw befuhr den Neuengammer Hausdeich in Richtung Elbe, bog im Verlauf nach links in die Stra\u00dfe &#8222;Zwischen den Z\u00e4unen&#8220; ab und schnitt hierbei mutma\u00dflich den Fahrstreifen des Elfj\u00e4hrigen. Das Fahrzeug stie\u00df im Verlauf mit dem Jungen zusammen, der anschlie\u00dfend st\u00fcrzte und sich schwer verletzte.<\/p>\n<p>Die Fahrerin oder der Fahrer des dunklen Kastenwagens soll sich ohne anzuhalten vom Unfallort in Richtung Elbe entfernt haben.<\/p>\n<p>Der Fahrradfahrer begab sich zun\u00e4chst nach Hause und wurde anschlie\u00dfend zur weiteren Behandlung station\u00e4r in einem Krankenhaus aufgenommen.<\/p>\n<p>Die Ermittlungen der VD 42 dauern an.<\/p>\n<p>In diesem Zusammenhang bittet die Polizei Zeuginnen und Zeugen, die den Unfallhergang beobachtet haben und\/oder anderweitig Hinweise zum Pkw beziehungsweise dessen Fahrerin oder Fahrer geben k\u00f6nnen, sich unter der Telefonnummer 040 4286-56789 beim Hinweistelefon der Polizei Hamburg oder bei einer Polizeidienststelle zu melden.<\/p>\n<p>Wen.<\/p>\n<p class=\"contact-headline\">R\u00fcckfragen der Medien bitte an:<\/p>\n<p class=\"contact-text\">Polizei Hamburg<br \/>Laura Wentzien<br \/>Telefon: 040 4286-56213<br \/>E-Mail: <a href=\"https:\/\/www.presseportal.de\/blaulicht\/pm\/6337\/mailto: polizeipressestelle@polizei.hamburg.de\" class=\"uri-mailto\" target=\"_blank\" rel=\"noopener\"> polizeipressestelle@polizei.hamburg.de<\/a><br \/><a target=\"_blank\" class=\"uri-ext outbound\" rel=\"noopener\" href=\"https:\/\/www.polizei.hamburg\">www.polizei.hamburg<\/a><\/p>\n<p class=\"originator\">Original-Content von: Polizei Hamburg, \u00fcbermittelt durch news aktuell<\/p>\n","protected":false},"excerpt":{"rendered":"04.07.2025 \u2013 13:58 Polizei Hamburg Hamburg (ots) Unfallzeit: 01.07.2025, 18:30 Uhr Unfallort: Hamburg-Neuengamme, Zwischen den Z\u00e4unen\/Neuengammer Hausdeich Am&hellip;\n","protected":false},"author":2,"featured_media":108,"comment_status":"","ping_status":"","sticky":false,"template":"","format":"standard","meta":{"footnotes":""},"categories":[1826],"tags":[29,30,692,691,177,121,178,180,179,181],"class_list":{"0":"post-241731","1":"post","2":"type-post","3":"status-publish","4":"format-standard","5":"has-post-thumbnail","7":"category-hamburg","8":"tag-deutschland","9":"tag-germany","10":"tag-hamburg","11":"tag-hh","12":"tag-kriminalitt","13":"tag-polizei","14":"tag-presse","15":"tag-pressemeldung","16":"tag-pressemitteilung","17":"tag-pressemitteilungen"},"share_on_mastodon":{"url":"https:\/\/pubeurope.com\/@de\/114795110178365768","error":""},"_links":{"self":[{"href":"https:\/\/www.europesays.com\/de\/wp-json\/wp\/v2\/posts\/241731","targetHints":{"allow":["GET"]}}],"collection":[{"href":"https:\/\/www.europesays.com\/de\/wp-json\/wp\/v2\/posts"}],"about":[{"href":"https:\/\/www.europesays.com\/de\/wp-json\/wp\/v2\/types\/post"}],"author":[{"embeddable":true,"href":"https:\/\/www.europesays.com\/de\/wp-json\/wp\/v2\/users\/2"}],"replies":[{"embeddable":true,"href":"https:\/\/www.europesays.com\/de\/wp-json\/wp\/v2\/comments?post=241731"}],"version-history":[{"count":0,"href":"https:\/\/www.europesays.com\/de\/wp-json\/wp\/v2\/posts\/241731\/revisions"}],"wp:featuredmedia":[{"embeddable":true,"href":"https:\/\/www.europesays.com\/de\/wp-json\/wp\/v2\/media\/108"}],"wp:attachment":[{"href":"https:\/\/www.europesays.com\/de\/wp-json\/wp\/v2\/media?parent=241731"}],"wp:term":[{"taxonomy":"category","embeddable":true,"href":"https:\/\/www.europesays.com\/de\/wp-json\/wp\/v2\/categories?post=241731"},{"taxonomy":"post_tag","embeddable":true,"href":"https:\/\/www.europesays.com\/de\/wp-json\/wp\/v2\/tags?post=241731"}],"curies":[{"name":"wp","href":"https:\/\/api.w.org\/{rel}","templated":true}]}}