{"id":241823,"date":"2025-07-04T13:54:10","date_gmt":"2025-07-04T13:54:10","guid":{"rendered":"https:\/\/www.europesays.com\/de\/241823\/"},"modified":"2025-07-04T13:54:10","modified_gmt":"2025-07-04T13:54:10","slug":"20-jahre-alter-syrer-soll-vor-der-tat-allahu-akbar-gesagt-haben","status":"publish","type":"post","link":"https:\/\/www.europesays.com\/de\/241823\/","title":{"rendered":"20 Jahre alter Syrer soll vor der Tat \u201eAllahu Akbar\u201c gesagt haben"},"content":{"rendered":"<p class=\"tspAPha tspAPhb\">Nach dem Angriff eines Mannes<strong> mit Hammer und Axt auf Mitreisende im ICE<\/strong> sind noch viele Fragen offen. Heute k\u00f6nnte der 20-j\u00e4hrige Syrer m\u00f6glicherweise einem Richter vorgef\u00fchrt werden, der dann entscheidet, ob der Mann in Untersuchungshaft kommt.\u00a0<\/p>\n<p> Was ist im ICE 91 passiert? <\/p>\n<p class=\"tspAPha\">Der Mann hatte am Donnerstag im <strong>ICE 91 von Hamburg-Altona nach Wien<\/strong> <strong>kurz vor 14 Uhr drei Landsleute angegriffen.<\/strong> Mehrere Menschen h\u00e4tten im Zug den Nothalt bet\u00e4tigt. Dadurch sei der Zug in der N\u00e4he von Stra\u00dfkirchen im Landkreis Straubing-Bogen auf offener Strecke zum Stehen gekommen.<\/p>\n<p class=\"tspAPha\">Fahrg\u00e4ste in der N\u00e4he h\u00e4tten den Mann nach ersten Erkenntnissen <strong>\u00fcberw\u00e4ltigen k\u00f6nnen<\/strong>, bevor die Polizei ihn festnahm. Nach Informationen der Bild-Zeitung wurde dem Mann die Waffe offenbar von einem Zuggast entwendet, der damit auf den mutma\u00dflichen T\u00e4ter eingeschlagen haben soll. <\/p>\n<p> Wie viele Menschen sind betroffen? <\/p>\n<p class=\"tspAPha\">Insgesamt<strong> f\u00fcnf Menschen wurden verletzt, <\/strong>darunter der Angreifer selbst am schwersten. <strong>Bei den Verletzten handelt es sich um eine Frau aus Syrien und ihren Sohn, sowie einen weiteren Syrer und eine vierte Person.<\/strong> Die Polizei hatte von Menschen im Alter von 15, 24, 38 und 51 Jahren gesprochen.\u00a0<\/p>\n<p> Wer ist der mutma\u00dfliche Angreifer? <\/p>\n<p class=\"tspAPha\">Bei dem mutma\u00dflichen Angreifer handelt es sich laut Polizei um einen <strong>20 Jahre alten Syrer. <\/strong>Er<strong> <\/strong>benutzte<strong> <\/strong>einen Hammer und eine Axt als Waffe. Das erkl\u00e4rte <strong>Bayerns Innenminister Joachim Herrmann (CSU) <\/strong>in M\u00fcnchen. <\/p>\n<p class=\"tspAPha\">Bei dem Angreifer handelte es sich um einen<strong> Fl\u00fcchtling, der in \u00d6sterreich einen Aufenthaltstitel besa\u00df.<\/strong> Im Zug nach Wien habe er sich legal aufgehalten, sagte Herrmann. Die bayerischen Ermittlungsbeh\u00f6rden kooperierten mit den \u00f6sterreichischen Stellen. In Bayern sei der Mann bisher noch nicht auff\u00e4llig gewesen. In anderen deutschen Bundesl\u00e4ndern m\u00fcsse das noch \u00fcberpr\u00fcft werden.\u00a0<\/p>\n<p class=\"tspAPha\">In \u00d6sterreich fiel er bereits wegen eines Gewaltdelikts auf. Nach zwei rechtskr\u00e4ftigen Verurteilungen wegen schwerer K\u00f6rperverletzung und versuchtem Widerstand gegen die Staatsgewalt im Februar und Ende April 2025 sei im Mai ein Asyl-Aberkennungsverfahren eingeleitet worden, teilte das Bundesamt f\u00fcr Fremdenwesen und Asyl in Wien mit. Der Tatverd\u00e4chtige hatte 2021 in \u00d6sterreich einen Asylantrag gestellt und 2022 einen Schutzstatus erhalten. Er hat auch einen Wohnsitz in \u00d6sterreich.<\/p>\n<p> Gibt es Erkenntnisse zu einem m\u00f6glichen Motiv? <\/p>\n<p class=\"tspAPha\">Der ICE-Angreifer von Stra\u00dfkirchen soll nach Aussagen von Augenzeugen vor der Tat gebetet und die Worte \u201eAllahu Akbar\u201c gesprochen haben. Das gab Oberstaatsanwalt Thomas Rauscher von der Staatsanwaltschaft Regensburg in Straubing am Freitag bekannt. Ob die Tat einen extremistischen Hintergrund habe, sei aber nicht klar.\u00a0<\/p>\n<p class=\"tspAPha\">Der 20 Jahre alte Syrer, gegen den wegen versuchten Mordes ermittelt wird, hatte nach ersten Ermittlungen einen Mix von mindestens drei Bet\u00e4ubungsmitteln im Blut. Dies k\u00f6nne tatausl\u00f6send gewesen sein, m\u00fcsse aber noch abschlie\u00dfend gekl\u00e4rt werden.<\/p>\n<p class=\"tspAPha\">Auch sonst gibt es noch viele offene Fragen. Die Beziehungen der Menschen untereinander etwa noch ungekl\u00e4rt, wie Bayerns Innenminister am Donnerstag sagte. Ebenfalls nicht klar sei bisher, <strong>ob sich Angreifer und Opfer kannten.<\/strong> \u201eNach dem, was wir bisher wissen, hat er unmittelbar vorher mit denen geredet\u201c, sagte Herrmann. <strong>Er gehe davon aus, dass ihm zumindest bewusst war, dass sie auch Syrer waren.\u00a0<\/strong><\/p>\n<p> Das k\u00f6nnte Sie auch interessieren: <a href=\"https:\/\/www.tagesspiegel.de\/gesellschaft\/panorama\/23-verletzte-nach-ungluck-mit-flixbus-a-19-richtung-berlin-wieder-frei--polizei-beschlagnahmt-unfallfahrzeug-13967396.html?icid=topic-list_13964864___\" data-gtm-class=\"article-mzt-link\" class=\"tspB6mv\" rel=\"nofollow noopener\" target=\"_blank\">23 Verletzte nach Ungl\u00fcck mit Flixbus A 19 Richtung Berlin wieder frei \u2013 Polizei beschlagnahmt Unfallfahrzeug <\/a><a href=\"https:\/\/www.tagesspiegel.de\/internationales\/auch-wenn-wir-nicht-in-jedem-detail-einverstanden-sind-bsw-will-gemeinsam-mit-rechten-gegen-von-der-leyen-stimmen-13963826.html?icid=topic-list_13964864___\" data-gtm-class=\"article-mzt-link\" class=\"tspB6mv\" rel=\"nofollow noopener\" target=\"_blank\">\u201eAuch wenn wir nicht in jedem Detail einverstanden sind\u201c BSW will gemeinsam mit Rechten gegen von der Leyen stimmen <\/a><a href=\"https:\/\/www.tagesspiegel.de\/internationales\/gesprach-zu-ende--dann-fliegen-die-raketen-kiew-meldet-schwerste-russische-angriffe-seit-kriegsbeginn-13967588.html?icid=topic-list_13964864___\" data-gtm-class=\"article-mzt-link\" class=\"tspB6mv\" rel=\"nofollow noopener\" target=\"_blank\">Gespr\u00e4ch zu Ende \u2013 dann fliegen die Raketen Kiew meldet schwerste russische Angriffe seit Kriegsbeginn <\/a> Betreuungsstelle f\u00fcr Fahrg\u00e4ste eingerichtet <\/p>\n<p class=\"tspAPha\">Der ICE 91 war mit etwa <strong>500 Reisenden auf dem Weg von Hamburg-Altona nach Wien. <\/strong>Die Strecke zwischen Straubing und Plattling wurde nach dem Vorfall gesperrt und ein Schienenersatzverkehr eingerichtet.<\/p>\n<p class=\"tspAPha\">Die ICE-Fahrg\u00e4ste, mit Ausnahme direkter Zeugen, wurden mit einem Zugteil zun\u00e4chst zum n\u00e4chsten Bahnhof nach Stra\u00dfkirchen gebracht. Viele konnten nach Angaben Herrmanns ihre Reise sp\u00e4ter fortsetzen. In Stra\u00dfkirchen wurde eine Betreuungsstelle eingerichtet.\u00a0<\/p>\n<p class=\"tspAPha\">Einige Fahrg\u00e4ste wurden an einer <strong>eigens eingerichteten Betreuungsstelle versorgt. <\/strong>Neben zahlreichen Rettungskr\u00e4ften und zwei Hubschraubern waren auch zahlreiche Einheiten des Betreuungsdienstes und der psychosozialen Notfallversorgung im Einsatz, teilte das Bayerische Rote Kreuz mit. <\/p>\n<p class=\"tspUez\">Empfohlener redaktioneller Inhalt<\/p>\n<p> An dieser Stelle finden Sie einen von unseren Redakteuren ausgew\u00e4hlten, externen Inhalt, der den Artikel f\u00fcr Sie mit zus\u00e4tzlichen Informationen anreichert. Sie k\u00f6nnen sich hier den externen Inhalt mit einem Klick anzeigen lassen oder wieder ausblenden. <\/p>\n<p> Externen Inhalt anzeigen <\/p>\n<p class=\"tspUe5\"> Ich bin damit einverstanden, dass mir der externe Inhalt angezeigt wird. Damit k\u00f6nnen personenbezogene Daten an Drittplattformen \u00fcbermittelt werden.  Mehr Informationen dazu erhalten Sie in den Datenschutz-Einstellungen. Diese finden Sie ganz unten auf unserer Seite im Footer, sodass Sie Ihre Einstellungen jederzeit verwalten oder widerrufen k\u00f6nnen. <\/p>\n<p class=\"tspAPha\">Die Deutsche Bahn bekundete ihr Mitgef\u00fchl f\u00fcr die Betroffenen und deren Angeh\u00f6rige. <strong>\u201eUnsere Gedanken und unser Mitgef\u00fchl sind bei den Verletzten und allen, die das Erlebte nun verarbeiten m\u00fcssen\u201c,<\/strong> sagte ein Bahnsprecher. \u201eWir w\u00fcnschen allen Betroffenen eine schnelle und vollst\u00e4ndige Genesung.\u201c Er dankte au\u00dferdem den Einsatzkr\u00e4ften f\u00fcr die schnelle Festnahme des Tatverd\u00e4chtigen. (dpa\/tsp)<\/p>\n","protected":false},"excerpt":{"rendered":"Nach dem Angriff eines Mannes mit Hammer und Axt auf Mitreisende im ICE sind noch viele Fragen offen.&hellip;\n","protected":false},"author":2,"featured_media":239572,"comment_status":"","ping_status":"","sticky":false,"template":"","format":"standard","meta":{"footnotes":""},"categories":[5],"tags":[331,332,3364,2030,29,980,30,13,14,15,4908,12,2869],"class_list":{"0":"post-241823","1":"post","2":"type-post","3":"status-publish","4":"format-standard","5":"has-post-thumbnail","7":"category-nachrichten","8":"tag-aktuelle-nachrichten","9":"tag-aktuelle-news","10":"tag-de","11":"tag-deutsche-bahn","12":"tag-deutschland","13":"tag-festnahme","14":"tag-germany","15":"tag-headlines","16":"tag-nachrichten","17":"tag-news","18":"tag-polizeieinsatz","19":"tag-schlagzeilen","20":"tag-zugverkehr"},"share_on_mastodon":{"url":"https:\/\/pubeurope.com\/@de\/114795306355366668","error":""},"_links":{"self":[{"href":"https:\/\/www.europesays.com\/de\/wp-json\/wp\/v2\/posts\/241823","targetHints":{"allow":["GET"]}}],"collection":[{"href":"https:\/\/www.europesays.com\/de\/wp-json\/wp\/v2\/posts"}],"about":[{"href":"https:\/\/www.europesays.com\/de\/wp-json\/wp\/v2\/types\/post"}],"author":[{"embeddable":true,"href":"https:\/\/www.europesays.com\/de\/wp-json\/wp\/v2\/users\/2"}],"replies":[{"embeddable":true,"href":"https:\/\/www.europesays.com\/de\/wp-json\/wp\/v2\/comments?post=241823"}],"version-history":[{"count":0,"href":"https:\/\/www.europesays.com\/de\/wp-json\/wp\/v2\/posts\/241823\/revisions"}],"wp:featuredmedia":[{"embeddable":true,"href":"https:\/\/www.europesays.com\/de\/wp-json\/wp\/v2\/media\/239572"}],"wp:attachment":[{"href":"https:\/\/www.europesays.com\/de\/wp-json\/wp\/v2\/media?parent=241823"}],"wp:term":[{"taxonomy":"category","embeddable":true,"href":"https:\/\/www.europesays.com\/de\/wp-json\/wp\/v2\/categories?post=241823"},{"taxonomy":"post_tag","embeddable":true,"href":"https:\/\/www.europesays.com\/de\/wp-json\/wp\/v2\/tags?post=241823"}],"curies":[{"name":"wp","href":"https:\/\/api.w.org\/{rel}","templated":true}]}}