{"id":241856,"date":"2025-07-04T14:11:12","date_gmt":"2025-07-04T14:11:12","guid":{"rendered":"https:\/\/www.europesays.com\/de\/241856\/"},"modified":"2025-07-04T14:11:12","modified_gmt":"2025-07-04T14:11:12","slug":"polizisten-mit-maschinenpistolen-in-der-brueckstrasse","status":"publish","type":"post","link":"https:\/\/www.europesays.com\/de\/241856\/","title":{"rendered":"Polizisten mit Maschinenpistolen in der Br\u00fcckstra\u00dfe"},"content":{"rendered":"<p>\t\tPolizisten zielen mit Maschinenpistolen auf M\u00e4nner<br \/>\n\t\t\t\t\tVideo zeigt Einsatz in der Br\u00fcckstra\u00dfe<\/p>\n<p>\t\t<img alt=\"\" src=\"https:\/\/www.europesays.com\/de\/wp-content\/uploads\/2025\/04\/630_0036_545516_.jpg\"  class=\"avatar avatar-36 photo avatar-default\" height=\"36\" width=\"36\" loading=\"lazy\" decoding=\"async\"\/>\t\t<a class=\"article-author__name\" href=\"https:\/\/www.ruhrnachrichten.de\/author\/lukas-wittland\/\" rel=\"author nofollow noopener\" target=\"_blank\">Lukas Wittland<\/a><br \/>\n\t\tRedakteur<\/p>\n<p>\t<a href=\"#premium-content\"><\/p>\n<p>\t\t\t<img decoding=\"async\" src=\"https:\/\/www.europesays.com\/de\/wp-content\/uploads\/2025\/07\/630_0900_4845509_Polizei_Brueckstrasse-640x428.jpg\"  loading=\"lazy\" alt=\"Eine Sequenz aus einem Video zeigt den Polizeieinsatz auf der Br\u00fcckstra\u00dfe. Mehrere M\u00e4nner m\u00fcssen sich auf den Boden legen. Polizisten haben ihre Maschinenpistolen gez\u00fcckt.\"\/><\/p>\n<p>\t\t00:56<br \/>\n\t\t Jetzt ansehen<br \/>\n\t<\/a><\/p>\n<p class=\"article__teaser-text\">Ein Polizeieinsatz hat auf der Br\u00fcckstra\u00dfe in Dortmunds City f\u00fcr Aufsehen gesorgt. Mehrere Beamte zielten mit Maschinenpistolen auf Personen und kontrollierten diese. Was dahinter steckt.<\/p>\n<p>Eine Person angezeigtMehr Blaulicht-News aus Dortmund:<\/p>\n<p>\n\t<a href=\"https:\/\/www.ruhrnachrichten.de\" class=\"button button--brand button--link home-button\" rel=\"nofollow noopener\" target=\"_blank\">Zur Startseite<\/a><\/p>\n","protected":false},"excerpt":{"rendered":"Polizisten zielen mit Maschinenpistolen auf M\u00e4nner Video zeigt Einsatz in der Br\u00fcckstra\u00dfe Lukas Wittland Redakteur 00:56 Jetzt ansehen&hellip;\n","protected":false},"author":2,"featured_media":241857,"comment_status":"","ping_status":"","sticky":false,"template":"","format":"standard","meta":{"footnotes":""},"categories":[1833],"tags":[1950,3364,29,217,30,1209,121],"class_list":{"0":"post-241856","1":"post","2":"type-post","3":"status-publish","4":"format-standard","5":"has-post-thumbnail","7":"category-dortmund","8":"tag-blaulicht","9":"tag-de","10":"tag-deutschland","11":"tag-dortmund","12":"tag-germany","13":"tag-nordrhein-westfalen","14":"tag-polizei"},"share_on_mastodon":{"url":"https:\/\/pubeurope.com\/@de\/114795373193210118","error":""},"_links":{"self":[{"href":"https:\/\/www.europesays.com\/de\/wp-json\/wp\/v2\/posts\/241856","targetHints":{"allow":["GET"]}}],"collection":[{"href":"https:\/\/www.europesays.com\/de\/wp-json\/wp\/v2\/posts"}],"about":[{"href":"https:\/\/www.europesays.com\/de\/wp-json\/wp\/v2\/types\/post"}],"author":[{"embeddable":true,"href":"https:\/\/www.europesays.com\/de\/wp-json\/wp\/v2\/users\/2"}],"replies":[{"embeddable":true,"href":"https:\/\/www.europesays.com\/de\/wp-json\/wp\/v2\/comments?post=241856"}],"version-history":[{"count":0,"href":"https:\/\/www.europesays.com\/de\/wp-json\/wp\/v2\/posts\/241856\/revisions"}],"wp:featuredmedia":[{"embeddable":true,"href":"https:\/\/www.europesays.com\/de\/wp-json\/wp\/v2\/media\/241857"}],"wp:attachment":[{"href":"https:\/\/www.europesays.com\/de\/wp-json\/wp\/v2\/media?parent=241856"}],"wp:term":[{"taxonomy":"category","embeddable":true,"href":"https:\/\/www.europesays.com\/de\/wp-json\/wp\/v2\/categories?post=241856"},{"taxonomy":"post_tag","embeddable":true,"href":"https:\/\/www.europesays.com\/de\/wp-json\/wp\/v2\/tags?post=241856"}],"curies":[{"name":"wp","href":"https:\/\/api.w.org\/{rel}","templated":true}]}}