{"id":241947,"date":"2025-07-04T14:58:09","date_gmt":"2025-07-04T14:58:09","guid":{"rendered":"https:\/\/www.europesays.com\/de\/241947\/"},"modified":"2025-07-04T14:58:09","modified_gmt":"2025-07-04T14:58:09","slug":"und-leben-de-kirchenrechtlerin-ahlers-frauen-im-amt-das-ist-keine-frage-von-macht","status":"publish","type":"post","link":"https:\/\/www.europesays.com\/de\/241947\/","title":{"rendered":"und-Leben.de &#8211; Kirchenrechtlerin Ahlers: Frauen im Amt \u2013 das ist keine Frage von Macht"},"content":{"rendered":"<p class=\"vorspann\">Wie viel Synodalit\u00e4t erlaubt das Kirchenrecht? Wie flexibel ist es? Ein Gespr\u00e4ch nach 36 Jahren als Kirchenrechts-Expertin im Bistum M\u00fcnster.<\/p>\n<p class=\"fragen\">Frau Ahlers, vor 36 Jahren waren Sie eine der ersten Frauen in einer F\u00fchrungsperson, jetzt haben Sie <a href=\"https:\/\/www.kirche-und-leben.de\/artikel-p\/t3:\/\/record?identifier=nachrichten&amp;uid=40917\" rel=\"nofollow noopener\" target=\"_blank\">Ihren Ruhestand angetreten<\/a>. Wie normal finden Sie sich heute als Frau in einer solchen kirchlichen Position?<\/p>\n<p>Heute f\u00fchle ich mich da sehr normal. Es hat sich ja mittlerweile herumgesprochen, dass die Abteilung Kirchenrecht schon seit vielen Jahren <a href=\"https:\/\/www.kirche-und-leben.de\/themen\/themenbereich\/frauen\" title=\"Berichte zum Thema Frauen\" target=\"_blank\" rel=\"nofollow noopener\">in Frauenhand<\/a> ist. Am Anfang gab es noch den einen oder anderen Pfarrer, der mir am Telefon sage: \u201eKann ich mal einen der Herren\u2026<\/p>\n","protected":false},"excerpt":{"rendered":"Wie viel Synodalit\u00e4t erlaubt das Kirchenrecht? Wie flexibel ist es? Ein Gespr\u00e4ch nach 36 Jahren als Kirchenrechts-Expertin im&hellip;\n","protected":false},"author":2,"featured_media":241948,"comment_status":"","ping_status":"","sticky":false,"template":"","format":"standard","meta":{"footnotes":""},"categories":[1843],"tags":[3364,29,30,16393,8970,1209],"class_list":{"0":"post-241947","1":"post","2":"type-post","3":"status-publish","4":"format-standard","5":"has-post-thumbnail","7":"category-muenster","8":"tag-de","9":"tag-deutschland","10":"tag-germany","11":"tag-kirche-und-leben-netz","12":"tag-muenster","13":"tag-nordrhein-westfalen"},"share_on_mastodon":{"url":"https:\/\/pubeurope.com\/@de\/114795557955141862","error":""},"_links":{"self":[{"href":"https:\/\/www.europesays.com\/de\/wp-json\/wp\/v2\/posts\/241947","targetHints":{"allow":["GET"]}}],"collection":[{"href":"https:\/\/www.europesays.com\/de\/wp-json\/wp\/v2\/posts"}],"about":[{"href":"https:\/\/www.europesays.com\/de\/wp-json\/wp\/v2\/types\/post"}],"author":[{"embeddable":true,"href":"https:\/\/www.europesays.com\/de\/wp-json\/wp\/v2\/users\/2"}],"replies":[{"embeddable":true,"href":"https:\/\/www.europesays.com\/de\/wp-json\/wp\/v2\/comments?post=241947"}],"version-history":[{"count":0,"href":"https:\/\/www.europesays.com\/de\/wp-json\/wp\/v2\/posts\/241947\/revisions"}],"wp:featuredmedia":[{"embeddable":true,"href":"https:\/\/www.europesays.com\/de\/wp-json\/wp\/v2\/media\/241948"}],"wp:attachment":[{"href":"https:\/\/www.europesays.com\/de\/wp-json\/wp\/v2\/media?parent=241947"}],"wp:term":[{"taxonomy":"category","embeddable":true,"href":"https:\/\/www.europesays.com\/de\/wp-json\/wp\/v2\/categories?post=241947"},{"taxonomy":"post_tag","embeddable":true,"href":"https:\/\/www.europesays.com\/de\/wp-json\/wp\/v2\/tags?post=241947"}],"curies":[{"name":"wp","href":"https:\/\/api.w.org\/{rel}","templated":true}]}}