{"id":241953,"date":"2025-07-04T15:01:13","date_gmt":"2025-07-04T15:01:13","guid":{"rendered":"https:\/\/www.europesays.com\/de\/241953\/"},"modified":"2025-07-04T15:01:13","modified_gmt":"2025-07-04T15:01:13","slug":"mit-fahndungsfotos-bielefelder-polizei-sucht-zwei-ec-karten-diebe","status":"publish","type":"post","link":"https:\/\/www.europesays.com\/de\/241953\/","title":{"rendered":"Mit Fahndungsfotos: Bielefelder Polizei sucht zwei EC-Karten-Diebe"},"content":{"rendered":"<p id=\"absatz1\" class=\"em_text\">Bielefeld. Die Polizei Bielefeld ist auf der Suche nach zwei Dieben. Sie sollen im Oktober vergangenen Jahres in einer Bankfiliale an der G\u00fctersloher Stra\u00dfe einem Bielefelder seine EC-Karte gestohlen und damit Geld abgehoben haben.<\/p>\n<p id=\"absatz2\" class=\"em_text\">Wie die Polizei mitteilt, ereignete sich der Vorfall am Montag, 21. Oktober 2024 gegen 12.15 Uhr: Ein 68-j\u00e4hriger Bielefelder war gerade dabei, an einem Bankautomaten Bargeld abzuheben. Einer der beiden T\u00e4ter zog sich einen Schal \u00fcber sein Gesicht und sp\u00e4hte die Geheimnummer des Bielefelders aus.<\/p>\n<p id=\"absatz4\" class=\"em_text\">Als der 68-J\u00e4hrige die Bankfiliale verlie\u00df, verwickelte ihn ein weiterer Mann in ein Gespr\u00e4ch. Dabei gelang es dem T\u00e4ter, die EC-Karte zu stehlen. Im Anschluss hob er zweimal Geld von dem Konto ab.<\/p>\n<p id=\"absatz5\"><b class=\"bold\">Lesen Sie auch<\/b>: <a href=\"https:\/\/www.nw.de\/lokal\/bielefeld\/mitte\/24129871_Gut-erkennbare-Fahndungsfotos-Bielefelder-Polizei-sucht-Kosmetik-Langfinger.html\" rel=\"nofollow noopener\" target=\"_blank\">Gut erkennbare Fahndungsfotos: Bielefelder Polizei sucht Kosmetik-Langfinger<\/a><\/p>\n<p>        <a href=\"https:\/\/www.nw.de\/_em_daten\/_cache\/image\/1xclVWSXJ5UENBNmJZVzM1dGlFTzBwYU1ZdGlPY09QS2hGSGt5N2VIOUhjSDBLeXRGZ2NFU1J3K25naHZCYjRIU2MwZ1V5MEQ2ZERncndKY29Ia1lrd2c9PQ\/250704-1345-636149348.jpg\" class=\"nw-article-image\" title=\"Eine \u00dcberwachungskamera in der Bank konnte die beiden M\u00e4nner aufnehmen.\" data-glightbox=\"type: image; description: Eine \u00dcberwachungskamera in der Bank konnte die beiden M\u00e4nner aufnehmen.  | \u00a9 Polizei Bielefeld \" rel=\"nofollow noopener\" target=\"_blank\"><br \/>\n            <img decoding=\"async\" src=\"https:\/\/www.europesays.com\/de\/wp-content\/uploads\/2025\/07\/250704-1345-636149348.jpg\" class=\"nw-img-fluid nw-w-full nw-lazy nw-rounded-t-md\" alt=\"Eine \u00dcberwachungskamera in der Bank konnte die beiden M\u00e4nner aufnehmen. - \u00a9 Polizei Bielefeld\" data-format=\"16:9\"\/><br \/>\n        <\/a><\/p>\n<p>                Eine \u00dcberwachungskamera in der Bank konnte die beiden M\u00e4nner aufnehmen.<br \/>\n                                    | \u00a9 Polizei Bielefeld<\/p>\n<p id=\"absatz6\" class=\"em_text\">Ein T\u00e4ter hat eine untersetzte Statur und schwarze Haare. Er trug eine schwarze Kappe, eine schwarze Jacke, eine blaue Jeans und schwarze Schuhe mit wei\u00dfer Sohle. Er f\u00fchrte ein Handy und eine Zeitung mit sich. Der zweite Mann hat eine kr\u00e4ftige Statur, schwarze Haare und trug eine dunkelbraune Lederjacke mit Fellkragen, ein wei\u00df-schwarz kariertes Hemd, eine blaue Jeans und schwarze Schuhe.<\/p>\n<p>Die Polizei sucht Zeugen<\/p>\n<p id=\"absatz7\" class=\"em_text\">Zeugen, die Hinweise zur Identit\u00e4t der beiden abgebildeten M\u00e4nner oder zu ihrem Aufenthaltsort machen k\u00f6nnen, melden sich beim Kriminalkommissariat 13 der Polizei unter Tel. 0521 5450.<\/p>\n<p id=\"absatz8\">\ud83d\udcf1 <b class=\"TextRun SCXW76579856 BCX0 NormalTextRun SCXW76579856 BCX0 bold\">News direkt aufs Smartphone: <\/b><a href=\"https:\/\/whatsapp.com\/channel\/0029VaeYHJ40Qeam4DWyn109\" rel=\"noreferrer noopener nofollow\" target=\"_blank\">Hier finden Sie den kostenlosen Whatsapp-Kanal der NW-Bielefeld<\/a> <\/p>\n","protected":false},"excerpt":{"rendered":"Bielefeld. Die Polizei Bielefeld ist auf der Suche nach zwei Dieben. Sie sollen im Oktober vergangenen Jahres in&hellip;\n","protected":false},"author":2,"featured_media":241954,"comment_status":"","ping_status":"","sticky":false,"template":"","format":"standard","meta":{"footnotes":""},"categories":[1841],"tags":[1605,3364,29,123,68471,30,734,736,16384,1613,1209,121,4578],"class_list":{"0":"post-241953","1":"post","2":"type-post","3":"status-publish","4":"format-standard","5":"has-post-thumbnail","7":"category-bielefeld","8":"tag-bielefeld","9":"tag-de","10":"tag-deutschland","11":"tag-fahndungsfoto","12":"tag-gtersloher-strae","13":"tag-germany","14":"tag-meta_artikelklasse_nachricht","15":"tag-meta_copyrights_nw","16":"tag-meta_themen_blaulicht_sicherheit","17":"tag-meta_userneeds_informieremich","18":"tag-nordrhein-westfalen","19":"tag-polizei","20":"tag-zeugenaufruf"},"share_on_mastodon":{"url":"https:\/\/pubeurope.com\/@de\/114795569766629750","error":""},"_links":{"self":[{"href":"https:\/\/www.europesays.com\/de\/wp-json\/wp\/v2\/posts\/241953","targetHints":{"allow":["GET"]}}],"collection":[{"href":"https:\/\/www.europesays.com\/de\/wp-json\/wp\/v2\/posts"}],"about":[{"href":"https:\/\/www.europesays.com\/de\/wp-json\/wp\/v2\/types\/post"}],"author":[{"embeddable":true,"href":"https:\/\/www.europesays.com\/de\/wp-json\/wp\/v2\/users\/2"}],"replies":[{"embeddable":true,"href":"https:\/\/www.europesays.com\/de\/wp-json\/wp\/v2\/comments?post=241953"}],"version-history":[{"count":0,"href":"https:\/\/www.europesays.com\/de\/wp-json\/wp\/v2\/posts\/241953\/revisions"}],"wp:featuredmedia":[{"embeddable":true,"href":"https:\/\/www.europesays.com\/de\/wp-json\/wp\/v2\/media\/241954"}],"wp:attachment":[{"href":"https:\/\/www.europesays.com\/de\/wp-json\/wp\/v2\/media?parent=241953"}],"wp:term":[{"taxonomy":"category","embeddable":true,"href":"https:\/\/www.europesays.com\/de\/wp-json\/wp\/v2\/categories?post=241953"},{"taxonomy":"post_tag","embeddable":true,"href":"https:\/\/www.europesays.com\/de\/wp-json\/wp\/v2\/tags?post=241953"}],"curies":[{"name":"wp","href":"https:\/\/api.w.org\/{rel}","templated":true}]}}