{"id":242361,"date":"2025-07-04T18:42:14","date_gmt":"2025-07-04T18:42:14","guid":{"rendered":"https:\/\/www.europesays.com\/de\/242361\/"},"modified":"2025-07-04T18:42:14","modified_gmt":"2025-07-04T18:42:14","slug":"interstellares-objekt-rast-durch-das-sonnensystem-es-ist-ein-ausserordentlich-schneller-besucher","status":"publish","type":"post","link":"https:\/\/www.europesays.com\/de\/242361\/","title":{"rendered":"Interstellares Objekt rast durch das Sonnensystem \u2013 es ist ein \u201eau\u00dferordentlich schneller Besucher\u201c"},"content":{"rendered":"<ol class=\"id-DonaldBreadcrumb lp_west_breadcrumb id-DonaldBreadcrumb--default\" data-k5a-pos=\"west_breadcrumb\">\n<li class=\"id-Breadcrumb-item\"><a href=\"https:\/\/www.fr.de\/\" class=\"id-Breadcrumb-link\" data-id-ec=\"{\" shn=\"\" textlink=\"\" data-k5a-pos=\"1_startseite\" rel=\"nofollow noopener\" target=\"_blank\">Startseite<\/a><\/li>\n<li class=\"id-Breadcrumb-item\"><a href=\"https:\/\/www.fr.de\/wissen\/\" class=\"id-Breadcrumb-link\" data-id-ec=\"{\" shn=\"\" textlink=\"\" data-k5a-pos=\"2_wissen\" rel=\"nofollow noopener\" target=\"_blank\">Wissen<\/a><\/li>\n<\/ol>\n<p class=\"id-Story-timestamp id-Story-timestamp--default\">Stand: 04.07.2025, 15:26 Uhr<\/p>\n<p class=\"id-Story-authors id-Story-authors--default\">Von: <a class=\"id-Story-authors-link lp_west_author\" href=\"https:\/\/www.fr.de\/autor\/tanja-banner-cy9420zpi.html\" title=\"Zur Autorenseite von Tanja Banner\" data-id-ec=\"{\" shn=\"\" author-link=\"\" banner=\"\" data-k5a-pos=\"west_author\" rel=\"nofollow noopener\" target=\"_blank\">Tanja Banner<\/a><\/p>\n<p class=\"id-Story-interactionBar id-Story-interactionBar--default\">DruckenTeilen<\/p>\n<p class=\"id-StoryElement-leadText\">Er ist nach \u02bbOumuamua und Borisov der dritte Besucher aus dem interstellaren Raum: 3I\/ATLAS. Doch der Komet birgt noch viele Geheimnisse.<\/p>\n<p class=\"id-StoryElement-paragraph\">Frankfurt \u2013 Die Aufregung ist gro\u00df unter <a href=\"https:\/\/www.fr.de\/wissen\/astronomie-sti87897\/\" class=\"id-import-Link\" title=\"Astronomie\" data-id-ec=\"{&quot;sht&quot;:&quot;Container&quot;,&quot;shn&quot;:&quot;Story&quot;,&quot;p&quot;:{&quot;containerType&quot;:&quot;Paragraph&quot;,&quot;displayType&quot;:&quot;Paragraph InlineLink&quot;,&quot;type&quot;:&quot;INLINE_LINK&quot;,&quot;value&quot;:&quot;Astronomie&quot;,&quot;variant&quot;:&quot;standardLink&quot;,&quot;sponsored&quot;:false,&quot;linkHref&quot;:&quot;https:\/\/www.fr.de\/wissen\/astronomie-sti87897\/&quot;,&quot;storyElementPosition&quot;:8,&quot;storyElementCount&quot;:20}}\" rel=\"nofollow noopener\" target=\"_blank\">Astronomie<\/a>-Fachleuten: Derzeit fliegt offenbar ein interstellares Objekt durch das <a href=\"https:\/\/www.fr.de\/wissen\/sonnensystem-heimat-erde-milchstrasse-galaxie-planeten-92555051.html\" class=\"id-import-Link\" data-id-ec=\"{&quot;sht&quot;:&quot;Container&quot;,&quot;shn&quot;:&quot;Story&quot;,&quot;p&quot;:{&quot;containerType&quot;:&quot;Paragraph&quot;,&quot;displayType&quot;:&quot;Paragraph InlineLink&quot;,&quot;type&quot;:&quot;INLINE_LINK&quot;,&quot;value&quot;:&quot;Sonnensystem&quot;,&quot;variant&quot;:&quot;standardLink&quot;,&quot;sponsored&quot;:false,&quot;linkHref&quot;:&quot;https:\/\/www.fr.de\/wissen\/sonnensystem-heimat-erde-milchstrasse-galaxie-planeten-92555051.html&quot;,&quot;storyElementPosition&quot;:8,&quot;storyElementCount&quot;:20}}\" rel=\"nofollow noopener\" target=\"_blank\">Sonnensystem<\/a>. Entdeckt wurde das Objekt, das wohl von au\u00dferhalb des Sonnensystems stammt, vom <a href=\"https:\/\/www.fr.de\/wissen\/nasa-raumfahrt-weltraum-usa-iss-raumfahrtbehoerde-mond-mars-curiosity-perseverance-ingenuity-90875133.html\" class=\"id-import-Link\" data-id-ec=\"{&quot;sht&quot;:&quot;Container&quot;,&quot;shn&quot;:&quot;Story&quot;,&quot;p&quot;:{&quot;containerType&quot;:&quot;Paragraph&quot;,&quot;displayType&quot;:&quot;Paragraph InlineLink&quot;,&quot;type&quot;:&quot;INLINE_LINK&quot;,&quot;value&quot;:&quot;Nasa&quot;,&quot;variant&quot;:&quot;standardLink&quot;,&quot;sponsored&quot;:false,&quot;linkHref&quot;:&quot;https:\/\/www.fr.de\/wissen\/nasa-raumfahrt-weltraum-usa-iss-raumfahrtbehoerde-mond-mars-curiosity-perseverance-ingenuity-90875133.html&quot;,&quot;storyElementPosition&quot;:8,&quot;storyElementCount&quot;:20}}\" rel=\"nofollow noopener\" target=\"_blank\">Nasa<\/a>-Teleskop ATLAS in Chile. Das Teleskop soll eigentlich <a href=\"https:\/\/www.fr.de\/wissen\/asteroid-nasa-weltall-asteroiden-erde-gefaehrlich-entdeckung-entstehung-vorkommen-91273562.html\" class=\"id-import-Link\" data-id-ec=\"{&quot;sht&quot;:&quot;Container&quot;,&quot;shn&quot;:&quot;Story&quot;,&quot;p&quot;:{&quot;containerType&quot;:&quot;Paragraph&quot;,&quot;displayType&quot;:&quot;Paragraph InlineLink&quot;,&quot;type&quot;:&quot;INLINE_LINK&quot;,&quot;value&quot;:&quot;Asteroiden&quot;,&quot;variant&quot;:&quot;standardLink&quot;,&quot;sponsored&quot;:false,&quot;linkHref&quot;:&quot;https:\/\/www.fr.de\/wissen\/asteroid-nasa-weltall-asteroiden-erde-gefaehrlich-entdeckung-entstehung-vorkommen-91273562.html&quot;,&quot;storyElementPosition&quot;:8,&quot;storyElementCount&quot;:20}}\" rel=\"nofollow noopener\" target=\"_blank\">Asteroiden<\/a> aufsp\u00fcren \u2013 dabei ist ihm das ungew\u00f6hnliche Objekt vor die Linse gekommen. Es erhielt zuerst den vorl\u00e4ufigen Namen A11pl3Z und hei\u00dft jetzt offiziell 3I\/ATLAS.<\/p>\n<p class=\"id-StoryElement-paragraph\">Der Name des Objekts verr\u00e4t es schon: Es handelt sich um das dritte interstellare Objekt, das im Sonnensystem entdeckt wurde. Erstmals hatten Fachleute <a href=\"https:\/\/www.fr.de\/panorama\/oumuamua-wohl-doch-kein-alien-raumschiff-zr-12757382.html\" class=\"id-import-Link\" data-id-ec=\"{&quot;sht&quot;:&quot;Container&quot;,&quot;shn&quot;:&quot;Story&quot;,&quot;p&quot;:{&quot;containerType&quot;:&quot;Paragraph&quot;,&quot;displayType&quot;:&quot;Paragraph InlineLink&quot;,&quot;type&quot;:&quot;INLINE_LINK&quot;,&quot;value&quot;:&quot;im Jahr 2017 ein Objekt von au&#xDF;erhalb des Sonnensystems&quot;,&quot;variant&quot;:&quot;standardLink&quot;,&quot;sponsored&quot;:false,&quot;linkHref&quot;:&quot;https:\/\/www.fr.de\/panorama\/oumuamua-wohl-doch-kein-alien-raumschiff-zr-12757382.html&quot;,&quot;storyElementPosition&quot;:10,&quot;storyElementCount&quot;:20}}\" rel=\"nofollow noopener\" target=\"_blank\">im Jahr 2017 ein Objekt von au\u00dferhalb des Sonnensystems<\/a> entdeckt \u2013 <a href=\"https:\/\/www.fr.de\/wissen\/oumuamua-interstellarer-besucher-alien-raumschiff-interstellarer-besucher-raetsel-geloest-astronomie-weltraum-90246717.html\" class=\"id-import-Link\" data-id-ec=\"{&quot;sht&quot;:&quot;Container&quot;,&quot;shn&quot;:&quot;Story&quot;,&quot;p&quot;:{&quot;containerType&quot;:&quot;Paragraph&quot;,&quot;displayType&quot;:&quot;Paragraph InlineLink&quot;,&quot;type&quot;:&quot;INLINE_LINK&quot;,&quot;value&quot;:&quot;1I\/&#x2BB;Oumuamua fasziniert die Forschung heute noch&quot;,&quot;variant&quot;:&quot;standardLink&quot;,&quot;sponsored&quot;:false,&quot;linkHref&quot;:&quot;https:\/\/www.fr.de\/wissen\/oumuamua-interstellarer-besucher-alien-raumschiff-interstellarer-besucher-raetsel-geloest-astronomie-weltraum-90246717.html&quot;,&quot;storyElementPosition&quot;:10,&quot;storyElementCount&quot;:20}}\" rel=\"nofollow noopener\" target=\"_blank\">1I\/\u02bbOumuamua fasziniert die Forschung heute noch<\/a>. Im Jahr 2019 <a href=\"https:\/\/www.fr.de\/wissen\/interstellarer-komet-borisov-schweif-etwa-160000-kilometer-lang-zr-12993264.html\" class=\"id-import-Link\" data-id-ec=\"{&quot;sht&quot;:&quot;Container&quot;,&quot;shn&quot;:&quot;Story&quot;,&quot;p&quot;:{&quot;containerType&quot;:&quot;Paragraph&quot;,&quot;displayType&quot;:&quot;Paragraph InlineLink&quot;,&quot;type&quot;:&quot;INLINE_LINK&quot;,&quot;value&quot;:&quot;folgte der interstellare Komet 2I\/Borisov&quot;,&quot;variant&quot;:&quot;standardLink&quot;,&quot;sponsored&quot;:false,&quot;linkHref&quot;:&quot;https:\/\/www.fr.de\/wissen\/interstellarer-komet-borisov-schweif-etwa-160000-kilometer-lang-zr-12993264.html&quot;,&quot;storyElementPosition&quot;:10,&quot;storyElementCount&quot;:20}}\" rel=\"nofollow noopener\" target=\"_blank\">folgte der interstellare Komet 2I\/Borisov<\/a>. Jetzt geht es um 3I\/ATLAS, einen <a href=\"https:\/\/www.fr.de\/wissen\/komet-asteroid-meteor-sternschnuppe-beobachten-halley-neowise-flugbahn-erde-91846239.html\" class=\"id-import-Link\" data-id-ec=\"{&quot;sht&quot;:&quot;Container&quot;,&quot;shn&quot;:&quot;Story&quot;,&quot;p&quot;:{&quot;containerType&quot;:&quot;Paragraph&quot;,&quot;displayType&quot;:&quot;Paragraph InlineLink&quot;,&quot;type&quot;:&quot;INLINE_LINK&quot;,&quot;value&quot;:&quot;Kometen&quot;,&quot;variant&quot;:&quot;standardLink&quot;,&quot;sponsored&quot;:false,&quot;linkHref&quot;:&quot;https:\/\/www.fr.de\/wissen\/komet-asteroid-meteor-sternschnuppe-beobachten-halley-neowise-flugbahn-erde-91846239.html&quot;,&quot;storyElementPosition&quot;:10,&quot;storyElementCount&quot;:20}}\" rel=\"nofollow noopener\" target=\"_blank\">Kometen<\/a>, der nach Angaben von Richard Moissl, Leiter der Esa-Asteroidenabwehr, keine Gefahr f\u00fcr die Erde darstellt. Er wird \u201etief durch das Sonnensystem fliegen und dabei knapp in die Umlaufbahn des <a href=\"https:\/\/www.fr.de\/wissen\/mars-roter-planet-mars-rover-curiosity-perseverance-leben-wasser-forschung-13802402.html\" class=\"id-import-Link\" data-id-ec=\"{&quot;sht&quot;:&quot;Container&quot;,&quot;shn&quot;:&quot;Story&quot;,&quot;p&quot;:{&quot;containerType&quot;:&quot;Paragraph&quot;,&quot;displayType&quot;:&quot;Paragraph InlineLink&quot;,&quot;type&quot;:&quot;INLINE_LINK&quot;,&quot;value&quot;:&quot;Mars&quot;,&quot;variant&quot;:&quot;standardLink&quot;,&quot;sponsored&quot;:false,&quot;linkHref&quot;:&quot;https:\/\/www.fr.de\/wissen\/mars-roter-planet-mars-rover-curiosity-perseverance-leben-wasser-forschung-13802402.html&quot;,&quot;storyElementPosition&quot;:10,&quot;storyElementCount&quot;:20}}\" rel=\"nofollow noopener\" target=\"_blank\">Mars<\/a> eindringen\u201c, zitiert die Nachrichtenagentur AFP Moissl.<\/p>\n<p>Neuer interstellarer Besucher im Sonnensystem: 3I\/ATLAS ist ein Komet<\/p>\n<p class=\"id-StoryElement-paragraph\"><a href=\"https:\/\/science.nasa.gov\/blogs\/planetary-defense\/2025\/07\/02\/nasa-discovers-interstellar-comet-moving-through-solar-system\/\" rel=\"nofollow noopener\" target=\"_blank\" class=\"id-import-Link id-pageApi-Link--externalDomain\" data-id-ec=\"{&quot;sht&quot;:&quot;Container&quot;,&quot;shn&quot;:&quot;Story&quot;,&quot;p&quot;:{&quot;containerType&quot;:&quot;Paragraph&quot;,&quot;displayType&quot;:&quot;Paragraph InlineLink&quot;,&quot;type&quot;:&quot;INLINE_LINK&quot;,&quot;value&quot;:&quot;Wie die Nasa mitteilt&quot;,&quot;variant&quot;:&quot;standardLink&quot;,&quot;sponsored&quot;:false,&quot;linkHref&quot;:&quot;https:\/\/science.nasa.gov\/blogs\/planetary-defense\/2025\/07\/02\/nasa-discovers-interstellar-comet-moving-through-solar-system\/&quot;,&quot;storyElementPosition&quot;:12,&quot;storyElementCount&quot;:20}}\">Wie die Nasa mitteilt<\/a>, befindet sich das Objekt derzeit in einer Entfernung von etwa 670 Millionen Kilometern. Offiziell entdeckt wurde das interstellare Objekt am 1. Juli 2025. Nachtr\u00e4glich hat man 3I\/ATLAS bei der Sichtung \u00e4lterer Aufnahmen au\u00dferdem auf Bildern vom 14. Juni entdeckt. Seitdem gibt es zahlreiche weitere Aufnahmen des Objekts, bei dem es sich laut Nasa um einen Kometen handeln soll. 3I\/ATLAS wird sich der Erde bis auf etwa 240 Millionen Kilometer und der <a href=\"https:\/\/www.fr.de\/wissen\/sonne-stern-sonnensystem-lebensspender-zentrum-erde-energie-92554919.html\" class=\"id-import-Link\" data-id-ec=\"{&quot;sht&quot;:&quot;Container&quot;,&quot;shn&quot;:&quot;Story&quot;,&quot;p&quot;:{&quot;containerType&quot;:&quot;Paragraph&quot;,&quot;displayType&quot;:&quot;Paragraph InlineLink&quot;,&quot;type&quot;:&quot;INLINE_LINK&quot;,&quot;value&quot;:&quot;Sonne&quot;,&quot;variant&quot;:&quot;standardLink&quot;,&quot;sponsored&quot;:false,&quot;linkHref&quot;:&quot;https:\/\/www.fr.de\/wissen\/sonne-stern-sonnensystem-lebensspender-zentrum-erde-energie-92554919.html&quot;,&quot;storyElementPosition&quot;:12,&quot;storyElementCount&quot;:20}}\" rel=\"nofollow noopener\" target=\"_blank\">Sonne<\/a> bis auf etwa 210 Millionen Kilometer n\u00e4hern. Diese gr\u00f6\u00dfte Ann\u00e4herung wurde f\u00fcr den 30. Oktober berechnet.<\/p>\n<p><img decoding=\"async\" class=\"id-RatioPlaceholder-element wv_story_el_image\" src=\"https:\/\/www.europesays.com\/de\/wp-content\/uploads\/2025\/07\/38821378-die-aufnahme-vom-juni-2025-zeigt-den-interstellaren-kometen-3i-atlas-RyBG.jpg\" loading=\"lazy\"   height=\"664\" width=\"1100\" alt=\"Die Aufnahme vom 2. Juni 2025 zeigt den interstellaren Kometen 3I\/ATLAS.\"\/>Die Aufnahme vom 2. Juni 2025 zeigt den interstellaren Kometen 3I\/ATLAS. \u00a9\u00a0AFP PHOTO\/David Rankin, Saguaro Observatory<\/p>\n<p class=\"id-StoryElement-paragraph\">Das interstellare Objekt rast derzeit aus Richtung des Sternbilds Sch\u00fctze in das Sonnensystem hinein und erreicht dabei eine Geschwindigkeit von 245,000 km\/h relativ zur Sonne. Wie die Nasa mitteilt, beobachten Astronominnen und Astronomen das neu entdeckte interstellare Objekt derzeit, um herauszufinden, wie gro\u00df der Komet ist und welche Eigenschaften er hat. <\/p>\n<p>Erste Daten zum interstellaren Kometen 3I\/ATLAS sind bekannt<\/p>\n<p class=\"id-StoryElement-paragraph\">Erste Daten wurden dazu bereits gesammelt, wie der Forscher Joseph M. Wheat Rodriguez <a href=\"https:\/\/theconversation.com\/descubierto-un-tercer-objeto-interestelar-cruzando-a-gran-velocidad-el-sistema-solar-260324\" rel=\"nofollow noopener\" target=\"_blank\" class=\"id-import-Link id-pageApi-Link--externalDomain\" data-id-ec=\"{&quot;sht&quot;:&quot;Container&quot;,&quot;shn&quot;:&quot;Story&quot;,&quot;p&quot;:{&quot;containerType&quot;:&quot;Paragraph&quot;,&quot;displayType&quot;:&quot;Paragraph InlineLink&quot;,&quot;type&quot;:&quot;INLINE_LINK&quot;,&quot;value&quot;:&quot;auf der Plattform The Conversation&quot;,&quot;variant&quot;:&quot;standardLink&quot;,&quot;sponsored&quot;:false,&quot;linkHref&quot;:&quot;https:\/\/theconversation.com\/descubierto-un-tercer-objeto-interestelar-cruzando-a-gran-velocidad-el-sistema-solar-260324&quot;,&quot;storyElementPosition&quot;:17,&quot;storyElementCount&quot;:20}}\">auf der Plattform The Conversation<\/a> schreibt. Demnach habe der interstellare Komet einen Durchmesser zwischen 20 und 40 Kilometern und stamme aus der galaktischen Scheibe. \u201eEs handelt sich um einen au\u00dferordentlich schnellen Besucher\u201c, schreibt der Wissenschaftler weiter. \u201eDie Geometrie seines Zusammentreffens mit dem Sonnensystem wird es ihm erm\u00f6glichen, den Geschwindigkeitsrekord in Bezug auf die Erde zu brechen, der im April 2026 bei fast 90 km\/s liegen wird.\u201c<\/p>\n<p><img decoding=\"async\" class=\"id-RatioPlaceholder-element wv_story_el_image\" src=\"https:\/\/www.europesays.com\/de\/wp-content\/uploads\/2025\/07\/38821445-blick-zum-himmel-irgendwo-dort-oben-koennte-der-interstellare-komet-3i-atlas-fliegen-archiv.jpeg\" loading=\"lazy\"   height=\"733\" width=\"1100\" alt=\"Blick zum Himmel &#x2013; irgendwo dort oben k&#xF6;nnte der interstellare Komet 3I\/ATLAS fliegen. (Archivbild)\"\/>Blick zum Himmel \u2013 irgendwo dort oben k\u00f6nnte der interstellare Komet 3I\/ATLAS fliegen. (Archivbild) \u00a9\u00a0imago images\/Cavan Images<\/p>\n<p class=\"id-StoryElement-paragraph\">3I\/ATLAS ist f\u00fcr bodengebundene Teleskope bis September sichtbar, dann befindet er sich zu nah an der Sonne, um von der Erde aus beobachtet zu werden. \u201eDas Objekt wird bis Ende Oktober heller werden, sich der Sonne ann\u00e4hern und wird dann bis ins n\u00e4chste Jahr mit dem Teleskop erkennbar sein\u201c, sagt Moissl. (tab\/afp)<\/p>\n","protected":false},"excerpt":{"rendered":"Startseite Wissen Stand: 04.07.2025, 15:26 Uhr Von: Tanja Banner DruckenTeilen Er ist nach \u02bbOumuamua und Borisov der dritte&hellip;\n","protected":false},"author":2,"featured_media":242362,"comment_status":"","ping_status":"","sticky":false,"template":"","format":"standard","meta":{"footnotes":""},"categories":[135],"tags":[29,30,190,189,194,191,193,192],"class_list":{"0":"post-242361","1":"post","2":"type-post","3":"status-publish","4":"format-standard","5":"has-post-thumbnail","7":"category-wissenschaft-technik","8":"tag-deutschland","9":"tag-germany","10":"tag-science","11":"tag-science-technology","12":"tag-technik","13":"tag-technology","14":"tag-wissenschaft","15":"tag-wissenschaft-technik"},"share_on_mastodon":{"url":"https:\/\/pubeurope.com\/@de\/114796439120239043","error":""},"_links":{"self":[{"href":"https:\/\/www.europesays.com\/de\/wp-json\/wp\/v2\/posts\/242361","targetHints":{"allow":["GET"]}}],"collection":[{"href":"https:\/\/www.europesays.com\/de\/wp-json\/wp\/v2\/posts"}],"about":[{"href":"https:\/\/www.europesays.com\/de\/wp-json\/wp\/v2\/types\/post"}],"author":[{"embeddable":true,"href":"https:\/\/www.europesays.com\/de\/wp-json\/wp\/v2\/users\/2"}],"replies":[{"embeddable":true,"href":"https:\/\/www.europesays.com\/de\/wp-json\/wp\/v2\/comments?post=242361"}],"version-history":[{"count":0,"href":"https:\/\/www.europesays.com\/de\/wp-json\/wp\/v2\/posts\/242361\/revisions"}],"wp:featuredmedia":[{"embeddable":true,"href":"https:\/\/www.europesays.com\/de\/wp-json\/wp\/v2\/media\/242362"}],"wp:attachment":[{"href":"https:\/\/www.europesays.com\/de\/wp-json\/wp\/v2\/media?parent=242361"}],"wp:term":[{"taxonomy":"category","embeddable":true,"href":"https:\/\/www.europesays.com\/de\/wp-json\/wp\/v2\/categories?post=242361"},{"taxonomy":"post_tag","embeddable":true,"href":"https:\/\/www.europesays.com\/de\/wp-json\/wp\/v2\/tags?post=242361"}],"curies":[{"name":"wp","href":"https:\/\/api.w.org\/{rel}","templated":true}]}}