{"id":242615,"date":"2025-07-04T20:59:12","date_gmt":"2025-07-04T20:59:12","guid":{"rendered":"https:\/\/www.europesays.com\/de\/242615\/"},"modified":"2025-07-04T20:59:12","modified_gmt":"2025-07-04T20:59:12","slug":"demonstration-in-stuttgart-fussgaenger-und-radler-gehen-fuer-mehr-sicherheit-im-schwabtunnel-auf-die-strasse","status":"publish","type":"post","link":"https:\/\/www.europesays.com\/de\/242615\/","title":{"rendered":"Demonstration in Stuttgart: Fu\u00dfg\u00e4nger und Radler gehen f\u00fcr mehr Sicherheit im Schwabtunnel auf die Stra\u00dfe"},"content":{"rendered":"<p>\t\t\t\t\t\t\t\t\t\t\t\t\t\t\t\t\t\t\t\t\t\t\t\t\t\t\t\t      \t\t            \t\t             \t\t\t\t   \t\t\t\t\t   <img decoding=\"async\" id=\"article-image\" fetchpriority=\"high\" alt=\"Demonstration in Stuttgart: Fu\u00dfg\u00e4nger und Radler gehen f\u00fcr mehr Sicherheit im Schwabtunnel auf die Stra\u00dfe\" title=\"Demonstration in Stuttgart: Fu\u00dfg\u00e4nger und Radler gehen f\u00fcr mehr Sicherheit im Schwabtunnel auf die Stra\u00dfe\" src=\"https:\/\/www.europesays.com\/de\/wp-content\/uploads\/2025\/07\/media.media.7249af7c-5395-4c8c-982f-1b9a7668d1c7.16x9_700.jpg\" data-linkto=\"https:\/\/www.stuttgarter-nachrichten.de\/javascript:void(0);\"\/>\t\t\t\t\t\t\t\t\t\t\t\t\t\t\t\t\t\t\t\t\t\t\t\tIn der Mitte des Schwabtunnels trafen sich beide Demonstrationsz\u00fcge wieder.\u00a0Foto: STZN\t\t\t<\/p>\n<p>Im Zuge der Debatte um die Sicherheit im Schwabtunnel gehen am Freitagabend Fu\u00dfg\u00e4nger und Radfahrer in Stuttgart auf die Stra\u00dfe. Das ist ihre Forderung.<\/p>\n<p>F\u00fcr mehr Sicherheit f\u00fcr Fu\u00df- und <a href=\"https:\/\/www.stuttgarter-nachrichten.de\/thema\/Radfahrer\" title=\"Radfahrer\" class=\"art_thema\" target=\"_blank\" rel=\"noopener\">Radfahrer<\/a> im Schwabtunnel sind am Freitagabend Menschen in <a href=\"https:\/\/www.stuttgarter-nachrichten.de\/thema\/Stuttgart\" title=\"Stuttgart\" class=\"art_thema\" target=\"_blank\" rel=\"noopener\">Stuttgart<\/a> durch die Stra\u00dfen gezogen. <a href=\"https:\/\/www.stuttgarter-nachrichten.de\/inhalt.kundgebung-in-stuttgart-fuss-und-raddemo-im-schwabtunnel.6afe0e96-3597-4c80-8de0-b9394796299a.html\" target=\"_blank\" rel=\"noopener\">Mehrere Initiativen aus Stuttgart hatten zur Fu\u00df- und Raddemo aufgerufen<\/a>. Sie fordern, dass nur noch <a href=\"https:\/\/www.stuttgarter-nachrichten.de\/thema\/Fu%C3%9Fg%C3%A4nger\" title=\"Fu\u00dfg\u00e4nger\" class=\"art_thema\" target=\"_blank\" rel=\"noopener\">Fu\u00dfg\u00e4nger<\/a>, Radfahrer und Busse durch den Schwabtunnel d\u00fcrfen.<\/p>\n<p>Die Teilnehmer der <a href=\"https:\/\/www.stuttgarter-nachrichten.de\/thema\/Demonstration\" title=\"Demonstration\" class=\"art_thema\" target=\"_blank\" rel=\"noopener\">Demonstration<\/a> versammelten sich um 17 Uhr am Kulturcaf\u00e9 Merlin. Nach Redebeitr\u00e4gen machten sich Fu\u00df- und Radfahrer getrennt und in Begleitung der Polizei auf den Weg zum Schwabtunnel. <\/p>\n<p>Dabei hielten sie Banner und Schilder in die Luft, auf denen etwa stand: \u201eSicher durch den Schwabtunnel\u201c, oder \u201eIch muss bei 30 Grad dieses Schild halten, weil Fu\u00dfg\u00e4nger*innen in Stuttgart nicht sicher sind\u201c. In der Mitte des Tunnels trafen sich beide Demoz\u00fcge wieder.<\/p>\n<p>Sicherheit im Schwabtunnel: Diskussion l\u00e4uft seit Jahren <\/p>\n<p>Der Schwabtunnel ist das Nadel\u00f6hr zwischen Stuttgart-West und Stuttgart-S\u00fcd. Seit Jahren gibt es Diskussionen um die Sicherheit von Radfahrern und Fu\u00dfg\u00e4ngern, die sich mitunter eingesch\u00fcchtert und unsicher f\u00fchlen durch den Autoverkehr im Schwabtunnel.<\/p>\n<p> Radfahrer schildern, dass sie regelm\u00e4\u00dfig im Tunnel von Autos \u00fcberholt werden, obwohl das verboten ist. Die Polizei sowie ein Vor-Ort-Besuch best\u00e4tigen das.<\/p>\n<p>Bezirksbeirat West will Verkehrsversuch \u2013 S\u00fcd nicht <\/p>\n<p>W\u00e4hrend sich der Bezirksbeirat West mehrheitlich f\u00fcr einen neuen Anlauf in Sachen Umweltspur \u2013 eine Spur nur f\u00fcr Busse und Radfahrer \u2013 aussprach, <a href=\"https:\/\/www.stuttgarter-nachrichten.de\/inhalt.verkehrsversuch-in-stuttgart-771-bei-abstimmung-sueden-will-keine-umweltspur-im-schwabtunnel.1a7d0761-69b8-4f61-8280-d6921c2e4797.html\" target=\"_blank\" rel=\"noopener\">stimmte der Bezirksbeirat S\u00fcd dagegen. <\/a> <\/p>\n<p>Veranstalter der Demonstration am Freitagabend waren die Naturfreunde Radgruppe, Fuss e.V., VCD und ADFC, Kesselbambule, BUND, Greenpeace, Zweirat und Kidical Mass.<\/p>\n","protected":false},"excerpt":{"rendered":"In der Mitte des Schwabtunnels trafen sich beide Demonstrationsz\u00fcge wieder.\u00a0Foto: STZN Im Zuge der Debatte um die Sicherheit&hellip;\n","protected":false},"author":2,"featured_media":242616,"comment_status":"","ping_status":"","sticky":false,"template":"","format":"standard","meta":{"footnotes":""},"categories":[1830],"tags":[1634,3364,3387,507,29,5715,30,2465,37708,1441,13718,5329],"class_list":{"0":"post-242615","1":"post","2":"type-post","3":"status-publish","4":"format-standard","5":"has-post-thumbnail","7":"category-stuttgart","8":"tag-baden-wuerttemberg","9":"tag-de","10":"tag-demo","11":"tag-demonstration","12":"tag-deutschland","13":"tag-fussgaenger","14":"tag-germany","15":"tag-radfahrer","16":"tag-schwabtunnel","17":"tag-stuttgart","18":"tag-umweltspur","19":"tag-video"},"share_on_mastodon":{"url":"https:\/\/pubeurope.com\/@de\/114796977717507110","error":""},"_links":{"self":[{"href":"https:\/\/www.europesays.com\/de\/wp-json\/wp\/v2\/posts\/242615","targetHints":{"allow":["GET"]}}],"collection":[{"href":"https:\/\/www.europesays.com\/de\/wp-json\/wp\/v2\/posts"}],"about":[{"href":"https:\/\/www.europesays.com\/de\/wp-json\/wp\/v2\/types\/post"}],"author":[{"embeddable":true,"href":"https:\/\/www.europesays.com\/de\/wp-json\/wp\/v2\/users\/2"}],"replies":[{"embeddable":true,"href":"https:\/\/www.europesays.com\/de\/wp-json\/wp\/v2\/comments?post=242615"}],"version-history":[{"count":0,"href":"https:\/\/www.europesays.com\/de\/wp-json\/wp\/v2\/posts\/242615\/revisions"}],"wp:featuredmedia":[{"embeddable":true,"href":"https:\/\/www.europesays.com\/de\/wp-json\/wp\/v2\/media\/242616"}],"wp:attachment":[{"href":"https:\/\/www.europesays.com\/de\/wp-json\/wp\/v2\/media?parent=242615"}],"wp:term":[{"taxonomy":"category","embeddable":true,"href":"https:\/\/www.europesays.com\/de\/wp-json\/wp\/v2\/categories?post=242615"},{"taxonomy":"post_tag","embeddable":true,"href":"https:\/\/www.europesays.com\/de\/wp-json\/wp\/v2\/tags?post=242615"}],"curies":[{"name":"wp","href":"https:\/\/api.w.org\/{rel}","templated":true}]}}