{"id":242697,"date":"2025-07-04T21:44:11","date_gmt":"2025-07-04T21:44:11","guid":{"rendered":"https:\/\/www.europesays.com\/de\/242697\/"},"modified":"2025-07-04T21:44:11","modified_gmt":"2025-07-04T21:44:11","slug":"remscheid-feuerwehr-rettet-belgischen-schaeferhund-von-dach-regional","status":"publish","type":"post","link":"https:\/\/www.europesays.com\/de\/242697\/","title":{"rendered":"Remscheid: Feuerwehr rettet Belgischen Sch\u00e4ferhund von Dach | Regional"},"content":{"rendered":"<p>Remscheid (NRW) \u2013 <b>Von einem \u201ePferd auf\u2019m Flur\u201c sangen einst die Ulk-Musiker \u201eKlaus und Klaus\u201c \u2013 mit einem \u201eHund auf dem Dach\u201c, musste sich jetzt die Feuerwehr in Remscheid besch\u00e4ftigen! Dort war ein junger Vierbeiner am Freitagmittag aus noch ungekl\u00e4rter Ursache auf das Dach eines Wohnhauses geklettert und sorgte f\u00fcr einen aufwendigen Rettungseinsatz<\/b>.<\/p>\n<p>Was war passiert? <\/p>\n<p>Die Feuerwehr wurde gegen 14 Uhr mit der Meldung \u201eMalinois auf Dach\u201c zu einem Einsatz alarmiert. Die Einsatzkr\u00e4fte gingen zun\u00e4chst davon aus, dass sich der Hund \u2013 ein Belgischer Sch\u00e4ferhund (Malinois) \u2013 zwar auf einem Dach, jedoch nicht in akuter Gefahr befindet. Als die Rettungskr\u00e4fte schlie\u00dflich am Einsatzort eintrafen, staunten sie nicht schlecht, als sie den Vierbeiner auf dem Dachfirst in etwa 7,50 Meter H\u00f6he sahen.<\/p>\n<p>Offenbar war der <a href=\"https:\/\/www.bild.de\/ratgeber\/haustier\/hund\/thema-hunde-alle-infos-80118564.bild.html\" class=\"text-link\" rel=\"nofollow noopener\" target=\"_blank\">Hund<\/a> durch ein kleines Fenster auf das Dach des Mehrfamilienhauses gelangt und fand nun den schmalen Weg nicht mehr zur\u00fcck.<\/p>\n<p>Lesen Sie auchFeuerwehr lockt Hund mit Leckerlis in Sicherheit<\/p>\n<p><b>Zur Rettung des jungen Tieres baute die Feuerwehr vorsorglich ein Sprungpolster auf und brachte einen Drehleiterwagen am Haus in Stellung. Zugleich versuchten die Einsatzkr\u00e4fte, den Hund mit Leckerlis anzulocken und \u00fcber das Dach wieder ins Haus zu f\u00fchren. Dies sei schlie\u00dflich erfolgreich gelungen, best\u00e4tigte die Feuerwehr am Abend gegen\u00fcber BILD.<\/b><\/p>\n<p>\u201eDer Hund konnte durch das enge Fenster wieder ins Geb\u00e4ude zur\u00fcckkehren\u201c, hie\u00df es von der <a href=\"https:\/\/www.bild.de\/themen\/organisationen\/feuerwehr\/politik-nachrichten-news-fotos-videos-20421624.bild.html\" class=\"text-link\" rel=\"nofollow noopener\" target=\"_blank\">Feuerwehr<\/a>. Er \u00fcberstand seinen waghalsigen Balanceakt unverletzt und konnte nach rund einer Dreiviertelstunde von den Rettern wieder an den Besitzer \u00fcbergeben werden.<\/p>\n","protected":false},"excerpt":{"rendered":"Remscheid (NRW) \u2013 Von einem \u201ePferd auf\u2019m Flur\u201c sangen einst die Ulk-Musiker \u201eKlaus und Klaus\u201c \u2013 mit einem&hellip;\n","protected":false},"author":2,"featured_media":242698,"comment_status":"","ping_status":"","sticky":false,"template":"","format":"standard","meta":{"footnotes":"","_share_on_mastodon":"0"},"categories":[1840],"tags":[9784,3364,29,985,30,604,75594,1209,21537,15095,18459,45,21581,4418],"class_list":["post-242697","post","type-post","status-publish","format-standard","has-post-thumbnail","category-wuppertal","tag-dach","tag-de","tag-deutschland","tag-feuerwehr","tag-germany","tag-hund","tag-hunderassen","tag-nordrhein-westfalen","tag-remscheid","tag-rettung","tag-schaeferhund","tag-texttospeech","tag-tierrettung","tag-wuppertal"],"share_on_mastodon":{"url":"https:\/\/pubeurope.com\/@de\/114797154890315841","error":""},"_links":{"self":[{"href":"https:\/\/www.europesays.com\/de\/wp-json\/wp\/v2\/posts\/242697","targetHints":{"allow":["GET"]}}],"collection":[{"href":"https:\/\/www.europesays.com\/de\/wp-json\/wp\/v2\/posts"}],"about":[{"href":"https:\/\/www.europesays.com\/de\/wp-json\/wp\/v2\/types\/post"}],"author":[{"embeddable":true,"href":"https:\/\/www.europesays.com\/de\/wp-json\/wp\/v2\/users\/2"}],"replies":[{"embeddable":true,"href":"https:\/\/www.europesays.com\/de\/wp-json\/wp\/v2\/comments?post=242697"}],"version-history":[{"count":0,"href":"https:\/\/www.europesays.com\/de\/wp-json\/wp\/v2\/posts\/242697\/revisions"}],"wp:featuredmedia":[{"embeddable":true,"href":"https:\/\/www.europesays.com\/de\/wp-json\/wp\/v2\/media\/242698"}],"wp:attachment":[{"href":"https:\/\/www.europesays.com\/de\/wp-json\/wp\/v2\/media?parent=242697"}],"wp:term":[{"taxonomy":"category","embeddable":true,"href":"https:\/\/www.europesays.com\/de\/wp-json\/wp\/v2\/categories?post=242697"},{"taxonomy":"post_tag","embeddable":true,"href":"https:\/\/www.europesays.com\/de\/wp-json\/wp\/v2\/tags?post=242697"}],"curies":[{"name":"wp","href":"https:\/\/api.w.org\/{rel}","templated":true}]}}