{"id":242757,"date":"2025-07-04T22:18:15","date_gmt":"2025-07-04T22:18:15","guid":{"rendered":"https:\/\/www.europesays.com\/de\/242757\/"},"modified":"2025-07-04T22:18:15","modified_gmt":"2025-07-04T22:18:15","slug":"kesselfestival-in-stuttgart-surf-aktivisten-werben-beim-open-air-fuer-ihr-herzensanliegen","status":"publish","type":"post","link":"https:\/\/www.europesays.com\/de\/242757\/","title":{"rendered":"Kesselfestival in Stuttgart: Surf-Aktivisten werben beim Open-Air f\u00fcr ihr Herzensanliegen"},"content":{"rendered":"<p>Sie geben nicht auf. Und zeigen sich auf dem Kesselfestival. Der Verein Neckarwelle l\u00e4dt ein zum Surfen. Er will sich in Erinnerung bringen, und den <a href=\"https:\/\/www.stuttgarter-zeitung.de\/thema\/Neckar\" title=\"Neckar\" class=\"art_thema\" target=\"_blank\" rel=\"noopener\">Neckar<\/a>.<\/p>\n<p>  <img decoding=\"async\" loading=\"lazy\" src=\"https:\/\/www.europesays.com\/de\/wp-content\/uploads\/2025\/07\/media.media.164f9d34-faf1-4ddd-a070-52df28d00e2f.original1024.media.jpeg\"\/>     Willkommen beim Kesselfestival    Foto: Lichtgut\/Christoph Schmidt    <\/p>\n<p>Der Weg zum Fluss, er f\u00fchrt typisch f\u00fcr <a href=\"https:\/\/www.stuttgarter-zeitung.de\/thema\/Stuttgart\" title=\"Stuttgart\" class=\"art_thema\" target=\"_blank\" rel=\"noopener\">Stuttgart<\/a>, \u00fcber eine Stra\u00dfe. Die Einfahrbahn vom Daimler liegt wie eine Barriere zwischen dem <a href=\"https:\/\/www.stuttgarter-zeitung.de\/thema\/Cannstatter_Wasen\" title=\"Cannstatter Wasen\" class=\"art_thema\" target=\"_blank\" rel=\"noopener\">Cannstatter Wasen<\/a> und dem Neckar. Das gro\u00dfspurige und jahrzehntelang vorgetragene Versprechen von der Stadt am Fluss, wer wissen will, wie ernst es gemeint ist und warum es nicht mit Leben gef\u00fcllt ist, der muss hierherkommen. Eine kleine Br\u00fccke f\u00fchrt \u00fcber die Stra\u00dfe zum Neckardamm. Von der wenig idyllischen Anmutung eines Kanals lassen sich die Enthusiasten aber nicht abschrecken. Die Kanugesellschaft l\u00e4dt zum Drachenboot fahren und Stand Up Paddeling. Und der Verein Neckarwelle zeigt sich mal wieder.<\/p>\n<p>  <img decoding=\"async\" loading=\"lazy\" src=\"https:\/\/www.europesays.com\/de\/wp-content\/uploads\/2025\/07\/media.media.748b5066-2d9f-48e9-a7e1-416970284485.original1024.media.jpeg\"\/>     Die Heckwelle    Foto: Lichtgut\/Schmidt    <\/p>\n<p>Vor acht Jahren schreckte er die Stadtpolitik und die Verwaltung auf mit seiner Idee einer Surfwelle in Untert\u00fcrkheim beim Inselbad. Hoppla, da nahmen ja manche tats\u00e4chlich den Werbeslogan der Stadt am Fluss auf und k\u00fcmmerte sich ehrenamtlich. Das freute die B\u00fcrger. Und sorgte f\u00fcr Gram in der Verwaltung. Man bekam schnell den Eindruck, es wurden f\u00fcr allen nach Gr\u00fcnden gesucht, die Surfwelle zu verhindern. Zu gef\u00e4hrlich, weil der Fluss zu dreckig, zu teuer, \u00fcberhaupt wer haftet? Und wo kommen wir hin, wenn wir was Neues machen? <\/p>\n<p>Die Gespr\u00e4che gehen weiter <\/p>\n<p>Der Verein stellte seinen Antrag nicht. Weil er f\u00fcrchtete, er w\u00fcrde ohnehin abgelehnt. Aber die 230 Mitglieder gaben nicht auf. Sie f\u00fchren weiter Gespr\u00e4che mit der Verwaltung, Vorstand Matthias Bauer mag nicht zu viel erz\u00e4hlen. Lieber lassen sie Taten sprechen. Mit einem Boot fahren sie \u00fcber den Neckar, auf der Heckwelle kann man surfen. Und so Werbung machen f\u00fcr die Idee. Und gleichzeitig f\u00fcr die dringend n\u00f6tige Erfrischung sorgen. 4500 Menschen sind um 16 Uhr auf dem Wasen. Sie spielen Basketball, Volleyball, kicken beim VfB, schauen den Slacklinern zu, stehen schon vor den B\u00fchnen, schlendern an den St\u00e4nden beim \u00dcbermorgenmarkt vorbei. Der sch\u00f6nste Ort an diesem Sommertag ist aber beim Kanuverein unter den B\u00e4umen. Und dem nahen Weg zum Wasser. Und zum Surfen.<\/p>\n<p>Die Stadt liegt doch am Fluss <\/p>\n<p>Dass das Wasser gut tut und nicht schadet, hat der Verein Neckarwelle auf eigene Kosten via eines Karlsruher Labors erkunden lassen. Die Qualit\u00e4t stehe dem Surfen nicht im Wege, so ist zu erfahren. Wie das bei den Beh\u00f6rden ankommt, bleibt abzuwarten. Das Landesgesundheitsamt war ja \u00e4u\u00dferst skeptisch gewesen. Doch zun\u00e4chst einmal zeigen der Verein Neckarwelle und die Kanufahrer den Stuttgartern beim Kesselfestival: Ja, die Stadt liegt am Fluss.<\/p>\n","protected":false},"excerpt":{"rendered":"Sie geben nicht auf. Und zeigen sich auf dem Kesselfestival. Der Verein Neckarwelle l\u00e4dt ein zum Surfen. Er&hellip;\n","protected":false},"author":2,"featured_media":242758,"comment_status":"","ping_status":"","sticky":false,"template":"","format":"standard","meta":{"footnotes":""},"categories":[1830],"tags":[1634,4742,3364,29,30,73953,14480,75615,1441],"class_list":{"0":"post-242757","1":"post","2":"type-post","3":"status-publish","4":"format-standard","5":"has-post-thumbnail","7":"category-stuttgart","8":"tag-baden-wuerttemberg","9":"tag-cannstatter-wasen","10":"tag-de","11":"tag-deutschland","12":"tag-germany","13":"tag-kesselfestival","14":"tag-neckar","15":"tag-neckarwelle","16":"tag-stuttgart"},"share_on_mastodon":{"url":"https:\/\/pubeurope.com\/@de\/114797288541848645","error":""},"_links":{"self":[{"href":"https:\/\/www.europesays.com\/de\/wp-json\/wp\/v2\/posts\/242757","targetHints":{"allow":["GET"]}}],"collection":[{"href":"https:\/\/www.europesays.com\/de\/wp-json\/wp\/v2\/posts"}],"about":[{"href":"https:\/\/www.europesays.com\/de\/wp-json\/wp\/v2\/types\/post"}],"author":[{"embeddable":true,"href":"https:\/\/www.europesays.com\/de\/wp-json\/wp\/v2\/users\/2"}],"replies":[{"embeddable":true,"href":"https:\/\/www.europesays.com\/de\/wp-json\/wp\/v2\/comments?post=242757"}],"version-history":[{"count":0,"href":"https:\/\/www.europesays.com\/de\/wp-json\/wp\/v2\/posts\/242757\/revisions"}],"wp:featuredmedia":[{"embeddable":true,"href":"https:\/\/www.europesays.com\/de\/wp-json\/wp\/v2\/media\/242758"}],"wp:attachment":[{"href":"https:\/\/www.europesays.com\/de\/wp-json\/wp\/v2\/media?parent=242757"}],"wp:term":[{"taxonomy":"category","embeddable":true,"href":"https:\/\/www.europesays.com\/de\/wp-json\/wp\/v2\/categories?post=242757"},{"taxonomy":"post_tag","embeddable":true,"href":"https:\/\/www.europesays.com\/de\/wp-json\/wp\/v2\/tags?post=242757"}],"curies":[{"name":"wp","href":"https:\/\/api.w.org\/{rel}","templated":true}]}}