{"id":242794,"date":"2025-07-04T22:37:12","date_gmt":"2025-07-04T22:37:12","guid":{"rendered":"https:\/\/www.europesays.com\/de\/242794\/"},"modified":"2025-07-04T22:37:12","modified_gmt":"2025-07-04T22:37:12","slug":"crunchyroll-zeigt-zweite-frieren-staffel-im-simulcast","status":"publish","type":"post","link":"https:\/\/www.europesays.com\/de\/242794\/","title":{"rendered":"Crunchyroll zeigt zweite \u00bbFrieren\u00ab-Staffel im Simulcast"},"content":{"rendered":"\n<p>Der Streaming-Dienst <a href=\"https:\/\/www.anime2you.de\/streaming-news\/crunchyroll\/\" rel=\"nofollow noopener\" target=\"_blank\">Crunchyroll<\/a> gab heute <a href=\"https:\/\/www.crunchyroll.com\/de\/news\/announcements\/2025\/7\/4\/frieren-staffel-2-crunchyroll-simulcast-stream-januar-2026\" rel=\"nofollow noopener\" target=\"_blank\">bekannt<\/a>, dass man sich die Lizenz an der zweiten Staffel von \u00bbFrieren: Beyond Journey\u2019s End\u00ab (jap.: \u00bbSousou no Frieren\u00ab) gesichert hat. Wir fassen zusammen.<\/p>\n<p> Start im Januar 2026 <\/p>\n<p>Die Fortsetzung von \u00bbFrieren\u00ab entsteht wieder im Studio MADHOUSE und wird ab Januar 2026 im japanischen Fernsehen ausgestrahlt. Crunchyroll zeigt die neuen Folgen kurz nach der Premiere im Originalton mit deutschen Untertiteln.<\/p>\n<p>Die 28 Episoden umfassende erste Staffel lief von September 2023 bis April 2024 in Japan und entstand unter der Leitung von Regisseur Keiichirou Saitou (\u00bbBocchi the Rock!\u00ab), w\u00e4hrend Tomohiro Suzuki das Drehbuch verfasste.<\/p>\n<p>Alle Episoden stehen bereits mit deutscher und japanischer Vertonung bei Crunchyroll auf Abruf zur Verf\u00fcgung. Zudem brachte der Publisher den Fantasy-Anime in zwei Volumes mit Sammelschuber auf <a href=\"https:\/\/www.amazon.de\/dp\/B0DLT3496L?&amp;linkCode=sl1&amp;tag=anim0f-21&amp;linkId=d9838ff2267eab72c5c07f4678a17184&amp;language=de_DE&amp;ref_=as_li_ss_tl\" rel=\"nofollow noopener\" target=\"_blank\">DVD und Blu-ray<\/a> in den Handel.<\/p>\n<p> Mehr zum Thema:  Visual: <\/p>\n<p><img fetchpriority=\"high\" decoding=\"async\" class=\"aligncenter wp-image-878901\" src=\"https:\/\/www.europesays.com\/de\/wp-content\/uploads\/2025\/07\/Frieren-KV.jpg\" alt=\"\" width=\"435\" height=\"580\"  \/><\/p>\n<p> Handlung: <\/p>\n<p>Die Magierin Frieren und ihre Gef\u00e4hrten haben den D\u00e4monenk\u00f6nig besiegt. <\/p>\n<p>Doch w\u00e4hrend ihre Freunde altern und sterben, bleibt die unsterbliche Elfe zur\u00fcck und lebt in der Welt, die sie gerettet hat. Das Abenteuer ist vorbei, doch f\u00fcr Frieren beginnt die eigentliche Reise erst jetzt \u2026<\/p>\n<p>\u00a9 Kanehito Yamada, Tsukasa Abe, Shogakukan \/ Frieren: Beyond Journey\u2019s End Production Committee<\/p>\n","protected":false},"excerpt":{"rendered":"Der Streaming-Dienst Crunchyroll gab heute bekannt, dass man sich die Lizenz an der zweiten Staffel von \u00bbFrieren: Beyond&hellip;\n","protected":false},"author":2,"featured_media":242795,"comment_status":"","ping_status":"","sticky":false,"template":"","format":"standard","meta":{"footnotes":""},"categories":[1773],"tags":[29,214,30,471,1780,215],"class_list":{"0":"post-242794","1":"post","2":"type-post","3":"status-publish","4":"format-standard","5":"has-post-thumbnail","7":"category-serien","8":"tag-deutschland","9":"tag-entertainment","10":"tag-germany","11":"tag-serien","12":"tag-series","13":"tag-unterhaltung"},"share_on_mastodon":{"url":"https:\/\/pubeurope.com\/@de\/114797363171449990","error":""},"_links":{"self":[{"href":"https:\/\/www.europesays.com\/de\/wp-json\/wp\/v2\/posts\/242794","targetHints":{"allow":["GET"]}}],"collection":[{"href":"https:\/\/www.europesays.com\/de\/wp-json\/wp\/v2\/posts"}],"about":[{"href":"https:\/\/www.europesays.com\/de\/wp-json\/wp\/v2\/types\/post"}],"author":[{"embeddable":true,"href":"https:\/\/www.europesays.com\/de\/wp-json\/wp\/v2\/users\/2"}],"replies":[{"embeddable":true,"href":"https:\/\/www.europesays.com\/de\/wp-json\/wp\/v2\/comments?post=242794"}],"version-history":[{"count":0,"href":"https:\/\/www.europesays.com\/de\/wp-json\/wp\/v2\/posts\/242794\/revisions"}],"wp:featuredmedia":[{"embeddable":true,"href":"https:\/\/www.europesays.com\/de\/wp-json\/wp\/v2\/media\/242795"}],"wp:attachment":[{"href":"https:\/\/www.europesays.com\/de\/wp-json\/wp\/v2\/media?parent=242794"}],"wp:term":[{"taxonomy":"category","embeddable":true,"href":"https:\/\/www.europesays.com\/de\/wp-json\/wp\/v2\/categories?post=242794"},{"taxonomy":"post_tag","embeddable":true,"href":"https:\/\/www.europesays.com\/de\/wp-json\/wp\/v2\/tags?post=242794"}],"curies":[{"name":"wp","href":"https:\/\/api.w.org\/{rel}","templated":true}]}}