{"id":242851,"date":"2025-07-04T23:09:11","date_gmt":"2025-07-04T23:09:11","guid":{"rendered":"https:\/\/www.europesays.com\/de\/242851\/"},"modified":"2025-07-04T23:09:11","modified_gmt":"2025-07-04T23:09:11","slug":"ukraine-krieg-telefonat-mit-us-praesident-merz-bietet-trump-an-us-waffen-fuer-ukraine-zu-kaufen","status":"publish","type":"post","link":"https:\/\/www.europesays.com\/de\/242851\/","title":{"rendered":"Ukraine-Krieg: Telefonat mit US-Pr\u00e4sident \u2013 Merz bietet Trump an, US-Waffen f\u00fcr Ukraine zu kaufen"},"content":{"rendered":"<p class=\"is-first-paragraph\" data-external=\"Article.FirstParagraph\">Bundeskanzler Friedrich Merz hat bei US-Pr\u00e4sident Donald Trump direkt f\u00fcr weitere Waffenlieferungen an die Ukraine geworben. Regierungssprecher Stefan Kornelius best\u00e4tigte am Freitag einen entsprechenden <a class=\"is-link c-block-items__link is-external c-link--rich-text-renderer\" href=\"https:\/\/www.spiegel.de\/politik\/deutschland\/russlands-angriffskrieg-friedrich-merz-telefoniert-mit-donald-trump-zu-flugabwehr-fuer-die-ukraine-a-fe9d71a6-76a1-4150-884e-2fc39409dc4e\" title=\"(Link wird in einem neuen Tab ge\u00f6ffnet)\" rel=\"nofollow noopener\" data-internal-tracking-enabled=\"true\" data-internal-tracking=\"{&quot;action&quot;:&quot;click&quot;,&quot;label&quot;:&quot;link&quot;,&quot;name&quot;:&quot;Inline Element&quot;,&quot;data&quot;:{&quot;source&quot;:&quot;&quot;,&quot;target&quot;:&quot;https:\/\/www.spiegel.de\/politik\/deutschland\/russlands-angriffskrieg-friedrich-merz-telefoniert-mit-donald-trump-zu-flugabwehr-fuer-die-ukraine-a-fe9d71a6-76a1-4150-884e-2fc39409dc4e&quot;,&quot;trackingName&quot;:&quot;&quot;,&quot;trackingLabel&quot;:&quot;&quot;}}\" target=\"_blank\">\u201eSpiegel\u201c-Bericht<\/a> gegen\u00fcber der Nachrichtenagentur Reuters. <\/p>\n<p>Das Gespr\u00e4ch am Donnerstag sei auf die Initiative von Merz zustande gekommen. Anlass war eine US-Entscheidung, die Lieferung eines Waffenpakets an die Ukraine zur\u00fcckzuhalten, das auch neue Luftabwehrraketen f\u00fcr das Patriot-System enthalten h\u00e4tte. Deutschland hatte angeboten, die Waffen, die urspr\u00fcnglich noch vom fr\u00fcheren US-Pr\u00e4sidenten Joe Biden genehmigt worden waren, zu kaufen und an die Ukraine zu \u00fcbergeben. <\/p>\n<p>Verteidigungsminister Boris Pistorius will kommende Woche nach Washington reisen. Russland hatte zuletzt seine Luftangriffe auf die Ukraine massiv verst\u00e4rkt. Trump hatte sich entt\u00e4uscht \u00fcber ein Telefonat mit dem russischen Pr\u00e4sidenten Wladimir Putin ge\u00e4u\u00dfert. <\/p>\n<p>\u201eNein, ich habe \u00fcberhaupt keine Fortschritte mit ihm erzielt\u201c, hatte Trump auf die Frage eines Reporters geantwortet, ob er einer Einigung zur Beendigung der russischen Invasion in der Ukraine n\u00e4her gekommen sei. Trump f\u00fcgte hinzu, dass er \u201enicht gl\u00fccklich\u201c \u00fcber den anhaltenden Krieg sei.<\/p>\n<p>Am Freitag telefonierte Trump auch mit dem ukrainischen Pr\u00e4sidenten Wolodymyr Selenskyj. Selenskyj erkl\u00e4rte, er habe mit Trump in dem Gespr\u00e4ch eine Zusammenarbeit zur St\u00e4rkung der ukrainischen Luftverteidigung vereinbart. \u201eWir haben \u00fcber M\u00f6glichkeiten bei der Luftverteidigung gesprochen und vereinbart, dass wir zusammenarbeiten werden, um den Schutz unseres Himmels zu verst\u00e4rken\u201c, schrieb Selenskyj in Online-Netzwerken.<\/p>\n<p>Das Telefonat am Freitag sei \u201esehr wichtig und bedeutend\u201c gewesen, teilte der Leiter des B\u00fcros des ukrainischen Pr\u00e4sidenten, Andrij Jermak, mit. Details w\u00fcrden zu einem sp\u00e4teren Zeitpunkt bekannt gegeben.<\/p>\n<p>Einem Bericht des Nachrichtenportals \u201eAxios\u201c zufolge soll Trump dem ukrainischen Pr\u00e4sidenten in dem rund 40-min\u00fctigen Gespr\u00e4ch Hilfe bei der Flugabwehr zugesagt haben. Als Quellen nannte \u201eAxios\u201c einen ukrainischen Regierungsvertreter und eine weitere mit dem Vorgang vertraute Person. \u201eTrump sagte, er wolle bei der Flugabwehr helfen und werde pr\u00fcfen, was gegebenenfalls zur\u00fcckgehalten wurde\u201c, zitierte das Portal einen der Insider. <\/p>\n","protected":false},"excerpt":{"rendered":"Bundeskanzler Friedrich Merz hat bei US-Pr\u00e4sident Donald Trump direkt f\u00fcr weitere Waffenlieferungen an die Ukraine geworben. Regierungssprecher Stefan&hellip;\n","protected":false},"author":2,"featured_media":242852,"comment_status":"","ping_status":"","sticky":false,"template":"","format":"standard","meta":{"footnotes":""},"categories":[4012],"tags":[331,332,114,13,14,15,110,111,115,12,116,113,317,112,117],"class_list":{"0":"post-242851","1":"post","2":"type-post","3":"status-publish","4":"format-standard","5":"has-post-thumbnail","7":"category-ukraine","8":"tag-aktuelle-nachrichten","9":"tag-aktuelle-news","10":"tag-donald-geb-1946","11":"tag-headlines","12":"tag-nachrichten","13":"tag-news","14":"tag-newsteam","15":"tag-putin","16":"tag-russland-ukraine-krieg-24-2-2022","17":"tag-schlagzeilen","18":"tag-selenskyj","19":"tag-trump","20":"tag-ukraine","21":"tag-wladimir","22":"tag-wolodymyr"},"share_on_mastodon":{"url":"https:\/\/pubeurope.com\/@de\/114797488673793421","error":""},"_links":{"self":[{"href":"https:\/\/www.europesays.com\/de\/wp-json\/wp\/v2\/posts\/242851","targetHints":{"allow":["GET"]}}],"collection":[{"href":"https:\/\/www.europesays.com\/de\/wp-json\/wp\/v2\/posts"}],"about":[{"href":"https:\/\/www.europesays.com\/de\/wp-json\/wp\/v2\/types\/post"}],"author":[{"embeddable":true,"href":"https:\/\/www.europesays.com\/de\/wp-json\/wp\/v2\/users\/2"}],"replies":[{"embeddable":true,"href":"https:\/\/www.europesays.com\/de\/wp-json\/wp\/v2\/comments?post=242851"}],"version-history":[{"count":0,"href":"https:\/\/www.europesays.com\/de\/wp-json\/wp\/v2\/posts\/242851\/revisions"}],"wp:featuredmedia":[{"embeddable":true,"href":"https:\/\/www.europesays.com\/de\/wp-json\/wp\/v2\/media\/242852"}],"wp:attachment":[{"href":"https:\/\/www.europesays.com\/de\/wp-json\/wp\/v2\/media?parent=242851"}],"wp:term":[{"taxonomy":"category","embeddable":true,"href":"https:\/\/www.europesays.com\/de\/wp-json\/wp\/v2\/categories?post=242851"},{"taxonomy":"post_tag","embeddable":true,"href":"https:\/\/www.europesays.com\/de\/wp-json\/wp\/v2\/tags?post=242851"}],"curies":[{"name":"wp","href":"https:\/\/api.w.org\/{rel}","templated":true}]}}