{"id":242961,"date":"2025-07-05T00:08:12","date_gmt":"2025-07-05T00:08:12","guid":{"rendered":"https:\/\/www.europesays.com\/de\/242961\/"},"modified":"2025-07-05T00:08:12","modified_gmt":"2025-07-05T00:08:12","slug":"sweet-home-alabama-konzert-von-lynyrd-skynyrd-auf-der-peissnitz-und-lange-nacht-der-wissenschaften-sorgen-fuer-ueberfuellte-strassenbahnen-gruenstreifen-und-fusswege-am-re","status":"publish","type":"post","link":"https:\/\/www.europesays.com\/de\/242961\/","title":{"rendered":"\u201cSweet Home Alabama\u201d \u2026 Konzert von Lynyrd Skynyrd auf der Pei\u00dfnitz und Lange Nacht der Wissenschaften sorgen f\u00fcr \u00fcberf\u00fcllte Stra\u00dfenbahnen, Gr\u00fcnstreifen und Fu\u00dfwege am Rennbahnkreuz zugeparkt"},"content":{"rendered":"<p>Freitagabend \u2013 Ausnahmezustand in der Saalestadt: Gleich zwei Gro\u00dfveranstaltungen lockten Tausende Besucher an \u2013 mit sp\u00fcrbaren Folgen f\u00fcr den Nahverkehr und die Parkplatzsituation.<\/p>\n<p>Auf der Pei\u00dfnitz sorgte die legend\u00e4re Rockband Lynyrd Skynyrd f\u00fcr ein ausverkauftes Open-Air-Konzert. Gleichzeitig \u00f6ffneten zahlreiche Forschungseinrichtungen ihre T\u00fcren zur Langen Nacht der Wissenschaften, vor allem am Weinberg Campus. Auch das Universit\u00e4tsklinikum beteiligte sich an der Veranstaltung und zog viele Interessierte an.<\/p>\n<p>Beide Events wurden von der Stra\u00dfenbahnlinie 94 bedient, die im 20-Minuten-Takt zwischen Kr\u00f6llwitz und Marktplatz verkehrt \u2013 und genau das wurde am Abend zum Problem. Die Bahnen waren heillos \u00fcberf\u00fcllt. Teilweise konnten nicht alle Fahrg\u00e4ste zusteigen. F\u00fcr sie hie\u00df es dann: entweder 20 Minuten auf die n\u00e4chste Bahn warten oder laufen. <\/p>\n<p>Auch auf den Stra\u00dfen machte sich das dichte Veranstaltungsaufkommen bemerkbar. Normalerweise stehen Besucherinnen und Besuchern der Freilichtb\u00fchne Parkpl\u00e4tze am Von-Danckelmann-Platz zur Verf\u00fcgung \u2013 ein Ergebnis einer Kooperation mit der Martin-Luther-Universit\u00e4t. Doch am Freitagabend wurde dieser Bereich selbst f\u00fcr die Wissenschaftsnacht ben\u00f6tigt.<\/p>\n<p>Die Folge: Im Umfeld des Rennbahnkreuzes herrschte Verkehrschaos. Viele Konzertbesucher parkten kurzerhand auf Gr\u00fcnfl\u00e4chen oder sogar auf Gehwegen. Anwohner zeigten sich ver\u00e4rgert \u00fcber die r\u00fccksichtslos abgestellten Fahrzeuge.<\/p>\n<p><img decoding=\"async\" loading=\"lazy\" width=\"1200\" height=\"675\" src=\"https:\/\/www.europesays.com\/de\/wp-content\/uploads\/2025\/07\/3186266d-96c1-4caf-8dd2-76b2bf5dc629-1200x675.jpeg\" alt=\"\" class=\"wp-image-321776\"  \/><\/p>\n","protected":false},"excerpt":{"rendered":"Freitagabend \u2013 Ausnahmezustand in der Saalestadt: Gleich zwei Gro\u00dfveranstaltungen lockten Tausende Besucher an \u2013 mit sp\u00fcrbaren Folgen f\u00fcr&hellip;\n","protected":false},"author":2,"featured_media":242962,"comment_status":"","ping_status":"","sticky":false,"template":"","format":"standard","meta":{"footnotes":""},"categories":[1860],"tags":[3364,29,548,663,3934,30,4062,17332,13,14,15,17331,860,12],"class_list":{"0":"post-242961","1":"post","2":"type-post","3":"status-publish","4":"format-standard","5":"has-post-thumbnail","7":"category-halle-saale","8":"tag-de","9":"tag-deutschland","10":"tag-eu","11":"tag-europa","12":"tag-europe","13":"tag-germany","14":"tag-halle","15":"tag-halle-saale","16":"tag-headlines","17":"tag-nachrichten","18":"tag-news","19":"tag-saale","20":"tag-sachsen-anhalt","21":"tag-schlagzeilen"},"share_on_mastodon":{"url":"https:\/\/pubeurope.com\/@de\/114797720686627851","error":""},"_links":{"self":[{"href":"https:\/\/www.europesays.com\/de\/wp-json\/wp\/v2\/posts\/242961","targetHints":{"allow":["GET"]}}],"collection":[{"href":"https:\/\/www.europesays.com\/de\/wp-json\/wp\/v2\/posts"}],"about":[{"href":"https:\/\/www.europesays.com\/de\/wp-json\/wp\/v2\/types\/post"}],"author":[{"embeddable":true,"href":"https:\/\/www.europesays.com\/de\/wp-json\/wp\/v2\/users\/2"}],"replies":[{"embeddable":true,"href":"https:\/\/www.europesays.com\/de\/wp-json\/wp\/v2\/comments?post=242961"}],"version-history":[{"count":0,"href":"https:\/\/www.europesays.com\/de\/wp-json\/wp\/v2\/posts\/242961\/revisions"}],"wp:featuredmedia":[{"embeddable":true,"href":"https:\/\/www.europesays.com\/de\/wp-json\/wp\/v2\/media\/242962"}],"wp:attachment":[{"href":"https:\/\/www.europesays.com\/de\/wp-json\/wp\/v2\/media?parent=242961"}],"wp:term":[{"taxonomy":"category","embeddable":true,"href":"https:\/\/www.europesays.com\/de\/wp-json\/wp\/v2\/categories?post=242961"},{"taxonomy":"post_tag","embeddable":true,"href":"https:\/\/www.europesays.com\/de\/wp-json\/wp\/v2\/tags?post=242961"}],"curies":[{"name":"wp","href":"https:\/\/api.w.org\/{rel}","templated":true}]}}